
			
				

					
				

			
		{"items":"\n\t\t\t\t\t\t\t\t\t\t\t\t\t\t<link rel=\"stylesheet\" id=\"wd-post-types-mod-categories-style-bg-css\" href=\"https:\/\/omeuj.b-cdn.net\/wp-content\/themes\/woodmart\/css\/parts\/post-types-mod-categories-style-bg.min.css?ver=8.3.6\" type=\"text\/css\" media=\"all\" \/> \t\t\t\n<article id=\"post-132408\" class=\"wd-post blog-design-chess blog-post-loop blog-design-small-images blog-style-bg wd-add-shadow wd-col post-132408 post type-post status-publish format-standard has-post-thumbnail hentry category-agricultura category-blog category-dicaseajudas category-jardim category-jardinagem category-primavera tag-primavera\">\n\t<div class=\"wd-post-inner article-inner\">\n\t\t\t\t\t<div class=\"wd-post-thumb entry-header\">\n\t\t\t\t\t\t\t\t\t<div class=\"wd-post-img post-img-wrapp\">\n\t\t\t\t\t\t<img width=\"1080\" height=\"1080\" src=\"https:\/\/omeuj.b-cdn.net\/wp-content\/uploads\/plantar..jpg\" class=\"attachment- size-\" alt=\"O que plantar em Mar\u00e7o 2022\" decoding=\"async\" fetchpriority=\"high\" srcset=\"https:\/\/omeuj.b-cdn.net\/wp-content\/uploads\/plantar..jpg 1080w, https:\/\/omeuj.b-cdn.net\/wp-content\/uploads\/plantar.-300x300.jpg 300w, https:\/\/omeuj.b-cdn.net\/wp-content\/uploads\/plantar.-150x150.jpg 150w, https:\/\/omeuj.b-cdn.net\/wp-content\/uploads\/plantar.-600x600.jpg 600w, https:\/\/omeuj.b-cdn.net\/wp-content\/uploads\/plantar.-1024x1024.jpg 1024w, https:\/\/omeuj.b-cdn.net\/wp-content\/uploads\/plantar.-768x768.jpg 768w\" sizes=\"(max-width: 1080px) 100vw, 1080px\" \/>\t\t\t\t\t<\/div>\n\t\t\t\t\t\t\t\t\t\t<a class=\"wd-fill\" tabindex=\"-1\" href=\"https:\/\/omeujardim.pt\/o-que-plantar-em-marco-2022\/\" aria-label=\"Link on post O que plantar em Mar\u00e7o 2022\"><\/a>\n\t\t\t\t\n\t\t\t\t\t\t\t\t\t\t\t\t<link rel=\"stylesheet\" id=\"wd-post-types-mod-date-style-bg-css\" href=\"https:\/\/omeuj.b-cdn.net\/wp-content\/themes\/woodmart\/css\/parts\/post-types-mod-date-style-bg.min.css?ver=8.3.6\" type=\"text\/css\" media=\"all\" \/> \t\t\t\t\t\t<div class=\"wd-post-date wd-style-with-bg\">\n\t\t\t\t<span class=\"post-date-day\">\n\t\t\t\t\t14\t\t\t\t<\/span>\n\t\t\t\t<span class=\"post-date-month\">\n\t\t\t\t\tMar\t\t\t\t<\/span>\n\t\t\t<\/div>\n\t\t\t\t\t\t\t\t\t<\/div>\n\t\t\n\t\t<div class=\"wd-post-content article-body-container\">\n\t\t\t\t\t\t\t<div class=\"wd-post-cat wd-style-with-bg meta-post-categories\">\n\t\t\t\t\t<a href=\"https:\/\/omeujardim.pt\/blog\/agricultura\/\" rel=\"category tag\">Agricultura<\/a>, <a href=\"https:\/\/omeujardim.pt\/blog\/\" rel=\"category tag\">Blog<\/a>, <a href=\"https:\/\/omeujardim.pt\/blog\/dicaseajudas\/\" rel=\"category tag\">Dicas e Ajudas<\/a>, <a href=\"https:\/\/omeujardim.pt\/blog\/jardim\/\" rel=\"category tag\">Jardim<\/a>, <a href=\"https:\/\/omeujardim.pt\/blog\/jardinagem\/\" rel=\"category tag\">Jardinagem<\/a>, <a href=\"https:\/\/omeujardim.pt\/blog\/primavera\/\" rel=\"category tag\">Primavera<\/a>\t\t\t\t<\/div>\n\t\t\t\n\t\t\t\t\t\t\t<h3 class=\"wd-post-title wd-entities-title title post-title\">\n\t\t\t\t\t<a href=\"https:\/\/omeujardim.pt\/o-que-plantar-em-marco-2022\/\" rel=\"bookmark\">O que plantar em Mar\u00e7o 2022<\/a>\n\t\t\t\t<\/h3>\n\t\t\t\n\t\t\t\t\t\t\t<div class=\"wd-post-meta\">\n\t\t\t\t\t\t\t\t\t\t\t\t\t<link rel=\"stylesheet\" id=\"wd-blog-mod-author-css\" href=\"https:\/\/omeuj.b-cdn.net\/wp-content\/themes\/woodmart\/css\/parts\/blog-mod-author.min.css?ver=8.3.6\" type=\"text\/css\" media=\"all\" \/> \t\t\t\t\t\t\t\t<div class=\"wd-post-author\">\n\t\t\t\t\t\t\t\t\t\t\t<span>Autor<\/span>\n\t\t\n\t\t\t\t\t<img alt='author-avatar' src=\"https:\/\/omeuj.b-cdn.net\/wp-content\/themes\/woodmart\/images\/lazy.svg\" data-src='https:\/\/secure.gravatar.com\/avatar\/d82526fdce91f3e62b28fc23097329894e7a15fbdceba2611ad8e6f7d452a043?s=18&#038;d=mm&#038;r=g' srcset=\"\" data-srcset='https:\/\/secure.gravatar.com\/avatar\/d82526fdce91f3e62b28fc23097329894e7a15fbdceba2611ad8e6f7d452a043?s=36&#038;d=mm&#038;r=g 2x' class=' wd-lazy-fade avatar avatar-18 photo' height='18' width='18' decoding='async'\/>\t\t\n\t\t\t\t\t<a href=\"https:\/\/omeujardim.pt\/author\/tiago_administrador_pt\/\" class=\"author\" rel=\"author\">O Meu Jardim<\/a>\n\t\t\t\t\t\t\t\t\t<\/div>\n\t\t\t\t\t<div class=\"wd-modified-date\">\n\t\t\t\t\t\t\t\t<time class=\"updated\" datetime=\"2022-03-15T09:55:23+00:00\">\n\t\t\t15\/03\/2022\t\t<\/time>\n\t\t\t\t\t\t\t<\/div>\n\n\t\t\t\t\t\t\t\t\t\t\t<div tabindex=\"0\" class=\"wd-post-share wd-tltp\">\n\t\t\t\t\t\t\t<div class=\"tooltip top\">\n\t\t\t\t\t\t\t\t<div class=\"tooltip-inner\">\n\t\t\t\t\t\t\t\t\t\t\t\t<link rel=\"stylesheet\" id=\"wd-social-icons-css\" href=\"https:\/\/omeuj.b-cdn.net\/wp-content\/themes\/woodmart\/css\/parts\/el-social-icons.min.css?ver=8.3.6\" type=\"text\/css\" media=\"all\" \/> \t\t\t\t\t\t<div\n\t\t\t\t\t\tclass=\" wd-social-icons  wd-style-default wd-size-small social-share wd-shape-circle color-scheme-light text-center\">\n\t\t\t\t\n\t\t\t\t\n\t\t\t\t\t\t\t\t\t<a rel=\"noopener noreferrer nofollow\" href=\"https:\/\/www.facebook.com\/sharer\/sharer.php?u=https:\/\/omeujardim.pt\/blog\/jardinagem\/\" target=\"_blank\" class=\" wd-social-icon social-facebook\" aria-label=\"Facebook social link\">\n\t\t\t\t\t\t<span class=\"wd-icon\"><\/span>\n\t\t\t\t\t\t\t\t\t\t\t<\/a>\n\t\t\t\t\n\t\t\t\t\n\t\t\t\t\n\t\t\t\t\t\t\t\t\t<a rel=\"noopener noreferrer nofollow\" href=\"mailto:?subject=Check%20this%20https:\/\/omeujardim.pt\/blog\/jardinagem\/\" target=\"_blank\" class=\" wd-social-icon social-email\" aria-label=\"Email social link\">\n\t\t\t\t\t\t<span class=\"wd-icon\"><\/span>\n\t\t\t\t\t\t\t\t\t\t\t<\/a>\n\t\t\t\t\n\t\t\t\t\n\t\t\t\t\n\t\t\t\t\n\t\t\t\t\t\t\t\t\t<a rel=\"noopener noreferrer nofollow\" href=\"https:\/\/pinterest.com\/pin\/create\/button\/?url=https:\/\/omeujardim.pt\/blog\/jardinagem\/&media=https:\/\/omeujardim.pt\/wp-content\/uploads\/plantar..jpg&description=O+que+plantar+em+Mar%C3%A7o+2022\" target=\"_blank\" class=\" wd-social-icon social-pinterest\" aria-label=\"Pinterest social link\">\n\t\t\t\t\t\t<span class=\"wd-icon\"><\/span>\n\t\t\t\t\t\t\t\t\t\t\t<\/a>\n\t\t\t\t\n\t\t\t\t\n\t\t\t\t\n\t\t\t\t\n\t\t\t\t\n\t\t\t\t\n\t\t\t\t\n\t\t\t\t\n\t\t\t\t\n\t\t\t\t\n\t\t\t\t\n\t\t\t\t\t\t\t\t\t<a rel=\"noopener noreferrer nofollow\" href=\"https:\/\/api.whatsapp.com\/send?text=https%3A%2F%2Fomeujardim.pt%2Fblog%2Fjardinagem%2F\" target=\"_blank\" class=\"wd-hide-md  wd-social-icon social-whatsapp\" aria-label=\"WhatsApp social link\">\n\t\t\t\t\t\t<span class=\"wd-icon\"><\/span>\n\t\t\t\t\t\t\t\t\t\t\t<\/a>\n\n\t\t\t\t\t<a rel=\"noopener noreferrer nofollow\" href=\"whatsapp:\/\/send?text=https%3A%2F%2Fomeujardim.pt%2Fblog%2Fjardinagem%2F\" target=\"_blank\" class=\"wd-hide-lg  wd-social-icon social-whatsapp\" aria-label=\"WhatsApp social link\">\n\t\t\t\t\t\t<span class=\"wd-icon\"><\/span>\n\t\t\t\t\t\t\t\t\t\t\t<\/a>\n\t\t\t\t\n\t\t\t\t\n\t\t\t\t\n\t\t\t\t\n\t\t\t\t\n\t\t\t\t\n\t\t\t\t\n\t\t\t\t\n\t\t\t<\/div>\n\n\t\t\t\t\t\t\t\t\t\t<\/div>\n\t\t\t\t\t\t\t\t<div class=\"tooltip-arrow\"><\/div>\n\t\t\t\t\t\t\t<\/div>\n\t\t\t\t\t\t<\/div>\n\t\t\t\t\t\n\t\t\t\t\t\t\t\t\t<\/div>\n\t\t\t\n\t\t\t\t\t\t\t\t\t\t\t\t<div class=\"wd-post-excerpt entry-content\">\n\t\t\t\t\t\tN\u00e3o sabe o que deve plantar em Mar\u00e7o? Com a chegada da primavera, \u00e9 necess\u00e1rio come\u00e7ar a planear o que plantar no jardim, por isso, O M...\t\t\t\t\t<\/div>\n\t\t\t\t\n\t\t\t\t\t\t\t\t\t\t\t\t\t\t<div class=\"wd-post-read-more wd-style-link read-more-section\">\n\t\t\t\t\t\t<a class=\"\" href=\"https:\/\/omeujardim.pt\/o-que-plantar-em-marco-2022\/\">Ver mais<\/a>\t\t\t\t\t<\/div>\n\t\t\t\t\t\t\t\t\t\t\t\t\t<\/div>\n\t<\/div>\n<\/article>\n\n\t\t\t\t\t\t\t\t\t\t\t\n<article id=\"post-128819\" class=\"wd-post blog-design-chess blog-post-loop blog-design-small-images blog-style-bg wd-add-shadow wd-col post-128819 post type-post status-publish format-standard has-post-thumbnail hentry category-blog category-jardim category-jardinagem category-primavera tag-abrigos\">\n\t<div class=\"wd-post-inner article-inner\">\n\t\t\t\t\t<div class=\"wd-post-thumb entry-header\">\n\t\t\t\t\t\t\t\t\t<div class=\"wd-post-img post-img-wrapp\">\n\t\t\t\t\t\t<img width=\"1080\" height=\"1080\" src=\"https:\/\/omeuj.b-cdn.net\/wp-content\/themes\/woodmart\/images\/lazy.svg\" class=\"attachment- size- wd-lazy-fade\" alt=\"abrigos de jardim\" decoding=\"async\" srcset=\"\" sizes=\"(max-width: 1080px) 100vw, 1080px\" data-src=\"https:\/\/omeuj.b-cdn.net\/wp-content\/uploads\/abrigos-de-jardim-.jpg\" data-srcset=\"https:\/\/omeuj.b-cdn.net\/wp-content\/uploads\/abrigos-de-jardim-.jpg 1080w, https:\/\/omeuj.b-cdn.net\/wp-content\/uploads\/abrigos-de-jardim--300x300.jpg 300w, https:\/\/omeuj.b-cdn.net\/wp-content\/uploads\/abrigos-de-jardim--150x150.jpg 150w, https:\/\/omeuj.b-cdn.net\/wp-content\/uploads\/abrigos-de-jardim--600x600.jpg 600w, https:\/\/omeuj.b-cdn.net\/wp-content\/uploads\/abrigos-de-jardim--1024x1024.jpg 1024w, https:\/\/omeuj.b-cdn.net\/wp-content\/uploads\/abrigos-de-jardim--768x768.jpg 768w\" \/>\t\t\t\t\t<\/div>\n\t\t\t\t\t\t\t\t\t\t<a class=\"wd-fill\" tabindex=\"-1\" href=\"https:\/\/omeujardim.pt\/abrigos-de-jardim-como-fazer-a-sua-manutencao-2022\/\" aria-label=\"Link on post Abrigos de jardim: como fazer a sua manuten\u00e7\u00e3o 2022\"><\/a>\n\t\t\t\t\n\t\t\t\t\t\t\t\t\t\t\t\t<div class=\"wd-post-date wd-style-with-bg\">\n\t\t\t\t<span class=\"post-date-day\">\n\t\t\t\t\t14\t\t\t\t<\/span>\n\t\t\t\t<span class=\"post-date-month\">\n\t\t\t\t\tFev\t\t\t\t<\/span>\n\t\t\t<\/div>\n\t\t\t\t\t\t\t\t\t<\/div>\n\t\t\n\t\t<div class=\"wd-post-content article-body-container\">\n\t\t\t\t\t\t\t<div class=\"wd-post-cat wd-style-with-bg meta-post-categories\">\n\t\t\t\t\t<a href=\"https:\/\/omeujardim.pt\/blog\/\" rel=\"category tag\">Blog<\/a>, <a href=\"https:\/\/omeujardim.pt\/blog\/jardim\/\" rel=\"category tag\">Jardim<\/a>, <a href=\"https:\/\/omeujardim.pt\/blog\/jardinagem\/\" rel=\"category tag\">Jardinagem<\/a>, <a href=\"https:\/\/omeujardim.pt\/blog\/primavera\/\" rel=\"category tag\">Primavera<\/a>\t\t\t\t<\/div>\n\t\t\t\n\t\t\t\t\t\t\t<h3 class=\"wd-post-title wd-entities-title title post-title\">\n\t\t\t\t\t<a href=\"https:\/\/omeujardim.pt\/abrigos-de-jardim-como-fazer-a-sua-manutencao-2022\/\" rel=\"bookmark\">Abrigos de jardim: como fazer a sua manuten\u00e7\u00e3o 2022<\/a>\n\t\t\t\t<\/h3>\n\t\t\t\n\t\t\t\t\t\t\t<div class=\"wd-post-meta\">\n\t\t\t\t\t\t\t\t\t\t\t\t\t\t\t<div class=\"wd-post-author\">\n\t\t\t\t\t\t\t\t\t\t\t<span>Autor<\/span>\n\t\t\n\t\t\t\t\t<img alt='author-avatar' src=\"https:\/\/omeuj.b-cdn.net\/wp-content\/themes\/woodmart\/images\/lazy.svg\" data-src='https:\/\/secure.gravatar.com\/avatar\/d82526fdce91f3e62b28fc23097329894e7a15fbdceba2611ad8e6f7d452a043?s=18&#038;d=mm&#038;r=g' srcset=\"\" data-srcset='https:\/\/secure.gravatar.com\/avatar\/d82526fdce91f3e62b28fc23097329894e7a15fbdceba2611ad8e6f7d452a043?s=36&#038;d=mm&#038;r=g 2x' class=' wd-lazy-fade avatar avatar-18 photo' height='18' width='18' loading='lazy' decoding='async'\/>\t\t\n\t\t\t\t\t<a href=\"https:\/\/omeujardim.pt\/author\/tiago_administrador_pt\/\" class=\"author\" rel=\"author\">O Meu Jardim<\/a>\n\t\t\t\t\t\t\t\t\t<\/div>\n\t\t\t\t\t<div class=\"wd-modified-date\">\n\t\t\t\t\t\t\t\t<time class=\"updated\" datetime=\"2022-08-17T09:44:20+00:00\">\n\t\t\t17\/08\/2022\t\t<\/time>\n\t\t\t\t\t\t\t<\/div>\n\n\t\t\t\t\t\t\t\t\t\t\t<div tabindex=\"0\" class=\"wd-post-share wd-tltp\">\n\t\t\t\t\t\t\t<div class=\"tooltip top\">\n\t\t\t\t\t\t\t\t<div class=\"tooltip-inner\">\n\t\t\t\t\t\t\t\t\t\t\t\t<div\n\t\t\t\t\t\tclass=\" wd-social-icons  wd-style-default wd-size-small social-share wd-shape-circle color-scheme-light text-center\">\n\t\t\t\t\n\t\t\t\t\n\t\t\t\t\t\t\t\t\t<a rel=\"noopener noreferrer nofollow\" href=\"https:\/\/www.facebook.com\/sharer\/sharer.php?u=https:\/\/omeujardim.pt\/blog\/jardinagem\/\" target=\"_blank\" class=\" wd-social-icon social-facebook\" aria-label=\"Facebook social link\">\n\t\t\t\t\t\t<span class=\"wd-icon\"><\/span>\n\t\t\t\t\t\t\t\t\t\t\t<\/a>\n\t\t\t\t\n\t\t\t\t\n\t\t\t\t\n\t\t\t\t\t\t\t\t\t<a rel=\"noopener noreferrer nofollow\" href=\"mailto:?subject=Check%20this%20https:\/\/omeujardim.pt\/blog\/jardinagem\/\" target=\"_blank\" class=\" wd-social-icon social-email\" aria-label=\"Email social link\">\n\t\t\t\t\t\t<span class=\"wd-icon\"><\/span>\n\t\t\t\t\t\t\t\t\t\t\t<\/a>\n\t\t\t\t\n\t\t\t\t\n\t\t\t\t\n\t\t\t\t\n\t\t\t\t\t\t\t\t\t<a rel=\"noopener noreferrer nofollow\" href=\"https:\/\/pinterest.com\/pin\/create\/button\/?url=https:\/\/omeujardim.pt\/blog\/jardinagem\/&media=https:\/\/omeujardim.pt\/wp-content\/uploads\/abrigos-de-jardim-.jpg&description=Abrigos+de+jardim%3A+como+fazer+a+sua+manuten%C3%A7%C3%A3o+2022\" target=\"_blank\" class=\" wd-social-icon social-pinterest\" aria-label=\"Pinterest social link\">\n\t\t\t\t\t\t<span class=\"wd-icon\"><\/span>\n\t\t\t\t\t\t\t\t\t\t\t<\/a>\n\t\t\t\t\n\t\t\t\t\n\t\t\t\t\n\t\t\t\t\n\t\t\t\t\n\t\t\t\t\n\t\t\t\t\n\t\t\t\t\n\t\t\t\t\n\t\t\t\t\n\t\t\t\t\n\t\t\t\t\t\t\t\t\t<a rel=\"noopener noreferrer nofollow\" href=\"https:\/\/api.whatsapp.com\/send?text=https%3A%2F%2Fomeujardim.pt%2Fblog%2Fjardinagem%2F\" target=\"_blank\" class=\"wd-hide-md  wd-social-icon social-whatsapp\" aria-label=\"WhatsApp social link\">\n\t\t\t\t\t\t<span class=\"wd-icon\"><\/span>\n\t\t\t\t\t\t\t\t\t\t\t<\/a>\n\n\t\t\t\t\t<a rel=\"noopener noreferrer nofollow\" href=\"whatsapp:\/\/send?text=https%3A%2F%2Fomeujardim.pt%2Fblog%2Fjardinagem%2F\" target=\"_blank\" class=\"wd-hide-lg  wd-social-icon social-whatsapp\" aria-label=\"WhatsApp social link\">\n\t\t\t\t\t\t<span class=\"wd-icon\"><\/span>\n\t\t\t\t\t\t\t\t\t\t\t<\/a>\n\t\t\t\t\n\t\t\t\t\n\t\t\t\t\n\t\t\t\t\n\t\t\t\t\n\t\t\t\t\n\t\t\t\t\n\t\t\t\t\n\t\t\t<\/div>\n\n\t\t\t\t\t\t\t\t\t\t<\/div>\n\t\t\t\t\t\t\t\t<div class=\"tooltip-arrow\"><\/div>\n\t\t\t\t\t\t\t<\/div>\n\t\t\t\t\t\t<\/div>\n\t\t\t\t\t\n\t\t\t\t\t\t\t\t\t<\/div>\n\t\t\t\n\t\t\t\t\t\t\t\t\t\t\t\t<div class=\"wd-post-excerpt entry-content\">\n\t\t\t\t\t\tOs abrigos de jardim s\u00e3o essenciais para organizar o seu jardim e arrumar os seus acess\u00f3rios e materiais de jardim! Os abrigos ou casas...\t\t\t\t\t<\/div>\n\t\t\t\t\n\t\t\t\t\t\t\t\t\t\t\t\t\t\t<div class=\"wd-post-read-more wd-style-link read-more-section\">\n\t\t\t\t\t\t<a class=\"\" href=\"https:\/\/omeujardim.pt\/abrigos-de-jardim-como-fazer-a-sua-manutencao-2022\/\">Ver mais<\/a>\t\t\t\t\t<\/div>\n\t\t\t\t\t\t\t\t\t\t\t\t\t<\/div>\n\t<\/div>\n<\/article>\n\n\t\t\t\t\t\t\t\t\t\t\t\n<article id=\"post-128045\" class=\"wd-post blog-design-chess blog-post-loop blog-design-small-images blog-style-bg wd-add-shadow wd-col post-128045 post type-post status-publish format-standard has-post-thumbnail hentry category-blog category-casa category-estufas category-jardim category-jardinagem tag-estufas-blog\">\n\t<div class=\"wd-post-inner article-inner\">\n\t\t\t\t\t<div class=\"wd-post-thumb entry-header\">\n\t\t\t\t\t\t\t\t\t<div class=\"wd-post-img post-img-wrapp\">\n\t\t\t\t\t\t<img width=\"2560\" height=\"2560\" src=\"https:\/\/omeuj.b-cdn.net\/wp-content\/themes\/woodmart\/images\/lazy.svg\" class=\"attachment- size- wd-lazy-fade\" alt=\"estufas e abrigos\" decoding=\"async\" loading=\"lazy\" srcset=\"\" sizes=\"auto, (max-width: 2560px) 100vw, 2560px\" data-src=\"https:\/\/omeuj.b-cdn.net\/wp-content\/uploads\/blue-garden-shed-in-a-suburban-backyard-2021-09-01-13-47-51-utc-1-scaled.jpg\" data-srcset=\"https:\/\/omeuj.b-cdn.net\/wp-content\/uploads\/blue-garden-shed-in-a-suburban-backyard-2021-09-01-13-47-51-utc-1-scaled.jpg 2560w, https:\/\/omeuj.b-cdn.net\/wp-content\/uploads\/blue-garden-shed-in-a-suburban-backyard-2021-09-01-13-47-51-utc-1-scaled-300x300.jpg 300w, https:\/\/omeuj.b-cdn.net\/wp-content\/uploads\/blue-garden-shed-in-a-suburban-backyard-2021-09-01-13-47-51-utc-1-scaled-150x150.jpg 150w, https:\/\/omeuj.b-cdn.net\/wp-content\/uploads\/blue-garden-shed-in-a-suburban-backyard-2021-09-01-13-47-51-utc-1-scaled-600x600.jpg 600w, https:\/\/omeuj.b-cdn.net\/wp-content\/uploads\/blue-garden-shed-in-a-suburban-backyard-2021-09-01-13-47-51-utc-1-1024x1024.jpg 1024w, https:\/\/omeuj.b-cdn.net\/wp-content\/uploads\/blue-garden-shed-in-a-suburban-backyard-2021-09-01-13-47-51-utc-1-768x768.jpg 768w, https:\/\/omeuj.b-cdn.net\/wp-content\/uploads\/blue-garden-shed-in-a-suburban-backyard-2021-09-01-13-47-51-utc-1-1536x1536.jpg 1536w, https:\/\/omeuj.b-cdn.net\/wp-content\/uploads\/blue-garden-shed-in-a-suburban-backyard-2021-09-01-13-47-51-utc-1-2048x2048.jpg 2048w\" \/>\t\t\t\t\t<\/div>\n\t\t\t\t\t\t\t\t\t\t<a class=\"wd-fill\" tabindex=\"-1\" href=\"https:\/\/omeujardim.pt\/melhores-estufas-e-abrigos-para-2022\/\" aria-label=\"Link on post Melhores estufas e abrigos para 2022\"><\/a>\n\t\t\t\t\n\t\t\t\t\t\t\t\t\t\t\t\t<div class=\"wd-post-date wd-style-with-bg\">\n\t\t\t\t<span class=\"post-date-day\">\n\t\t\t\t\t24\t\t\t\t<\/span>\n\t\t\t\t<span class=\"post-date-month\">\n\t\t\t\t\tJan\t\t\t\t<\/span>\n\t\t\t<\/div>\n\t\t\t\t\t\t\t\t\t<\/div>\n\t\t\n\t\t<div class=\"wd-post-content article-body-container\">\n\t\t\t\t\t\t\t<div class=\"wd-post-cat wd-style-with-bg meta-post-categories\">\n\t\t\t\t\t<a href=\"https:\/\/omeujardim.pt\/blog\/\" rel=\"category tag\">Blog<\/a>, <a href=\"https:\/\/omeujardim.pt\/blog\/casa\/\" rel=\"category tag\">Casa<\/a>, <a href=\"https:\/\/omeujardim.pt\/blog\/estufas\/\" rel=\"category tag\">Estufas<\/a>, <a href=\"https:\/\/omeujardim.pt\/blog\/jardim\/\" rel=\"category tag\">Jardim<\/a>, <a href=\"https:\/\/omeujardim.pt\/blog\/jardinagem\/\" rel=\"category tag\">Jardinagem<\/a>\t\t\t\t<\/div>\n\t\t\t\n\t\t\t\t\t\t\t<h3 class=\"wd-post-title wd-entities-title title post-title\">\n\t\t\t\t\t<a href=\"https:\/\/omeujardim.pt\/melhores-estufas-e-abrigos-para-2022\/\" rel=\"bookmark\">Melhores estufas e abrigos para 2022<\/a>\n\t\t\t\t<\/h3>\n\t\t\t\n\t\t\t\t\t\t\t<div class=\"wd-post-meta\">\n\t\t\t\t\t\t\t\t\t\t\t\t\t\t\t<div class=\"wd-post-author\">\n\t\t\t\t\t\t\t\t\t\t\t<span>Autor<\/span>\n\t\t\n\t\t\t\t\t<img alt='author-avatar' src=\"https:\/\/omeuj.b-cdn.net\/wp-content\/themes\/woodmart\/images\/lazy.svg\" data-src='https:\/\/secure.gravatar.com\/avatar\/d82526fdce91f3e62b28fc23097329894e7a15fbdceba2611ad8e6f7d452a043?s=18&#038;d=mm&#038;r=g' srcset=\"\" data-srcset='https:\/\/secure.gravatar.com\/avatar\/d82526fdce91f3e62b28fc23097329894e7a15fbdceba2611ad8e6f7d452a043?s=36&#038;d=mm&#038;r=g 2x' class=' wd-lazy-fade avatar avatar-18 photo' height='18' width='18' loading='lazy' decoding='async'\/>\t\t\n\t\t\t\t\t<a href=\"https:\/\/omeujardim.pt\/author\/tiago_administrador_pt\/\" class=\"author\" rel=\"author\">O Meu Jardim<\/a>\n\t\t\t\t\t\t\t\t\t<\/div>\n\t\t\t\t\t<div class=\"wd-modified-date\">\n\t\t\t\t\t\t\t\t<time class=\"updated\" datetime=\"2022-07-13T16:09:42+00:00\">\n\t\t\t13\/07\/2022\t\t<\/time>\n\t\t\t\t\t\t\t<\/div>\n\n\t\t\t\t\t\t\t\t\t\t\t<div tabindex=\"0\" class=\"wd-post-share wd-tltp\">\n\t\t\t\t\t\t\t<div class=\"tooltip top\">\n\t\t\t\t\t\t\t\t<div class=\"tooltip-inner\">\n\t\t\t\t\t\t\t\t\t\t\t\t<div\n\t\t\t\t\t\tclass=\" wd-social-icons  wd-style-default wd-size-small social-share wd-shape-circle color-scheme-light text-center\">\n\t\t\t\t\n\t\t\t\t\n\t\t\t\t\t\t\t\t\t<a rel=\"noopener noreferrer nofollow\" href=\"https:\/\/www.facebook.com\/sharer\/sharer.php?u=https:\/\/omeujardim.pt\/blog\/jardinagem\/\" target=\"_blank\" class=\" wd-social-icon social-facebook\" aria-label=\"Facebook social link\">\n\t\t\t\t\t\t<span class=\"wd-icon\"><\/span>\n\t\t\t\t\t\t\t\t\t\t\t<\/a>\n\t\t\t\t\n\t\t\t\t\n\t\t\t\t\n\t\t\t\t\t\t\t\t\t<a rel=\"noopener noreferrer nofollow\" href=\"mailto:?subject=Check%20this%20https:\/\/omeujardim.pt\/blog\/jardinagem\/\" target=\"_blank\" class=\" wd-social-icon social-email\" aria-label=\"Email social link\">\n\t\t\t\t\t\t<span class=\"wd-icon\"><\/span>\n\t\t\t\t\t\t\t\t\t\t\t<\/a>\n\t\t\t\t\n\t\t\t\t\n\t\t\t\t\n\t\t\t\t\n\t\t\t\t\t\t\t\t\t<a rel=\"noopener noreferrer nofollow\" href=\"https:\/\/pinterest.com\/pin\/create\/button\/?url=https:\/\/omeujardim.pt\/blog\/jardinagem\/&media=https:\/\/omeujardim.pt\/wp-content\/uploads\/blue-garden-shed-in-a-suburban-backyard-2021-09-01-13-47-51-utc-1-scaled.jpg&description=Melhores+estufas+e+abrigos+para+2022\" target=\"_blank\" class=\" wd-social-icon social-pinterest\" aria-label=\"Pinterest social link\">\n\t\t\t\t\t\t<span class=\"wd-icon\"><\/span>\n\t\t\t\t\t\t\t\t\t\t\t<\/a>\n\t\t\t\t\n\t\t\t\t\n\t\t\t\t\n\t\t\t\t\n\t\t\t\t\n\t\t\t\t\n\t\t\t\t\n\t\t\t\t\n\t\t\t\t\n\t\t\t\t\n\t\t\t\t\n\t\t\t\t\t\t\t\t\t<a rel=\"noopener noreferrer nofollow\" href=\"https:\/\/api.whatsapp.com\/send?text=https%3A%2F%2Fomeujardim.pt%2Fblog%2Fjardinagem%2F\" target=\"_blank\" class=\"wd-hide-md  wd-social-icon social-whatsapp\" aria-label=\"WhatsApp social link\">\n\t\t\t\t\t\t<span class=\"wd-icon\"><\/span>\n\t\t\t\t\t\t\t\t\t\t\t<\/a>\n\n\t\t\t\t\t<a rel=\"noopener noreferrer nofollow\" href=\"whatsapp:\/\/send?text=https%3A%2F%2Fomeujardim.pt%2Fblog%2Fjardinagem%2F\" target=\"_blank\" class=\"wd-hide-lg  wd-social-icon social-whatsapp\" aria-label=\"WhatsApp social link\">\n\t\t\t\t\t\t<span class=\"wd-icon\"><\/span>\n\t\t\t\t\t\t\t\t\t\t\t<\/a>\n\t\t\t\t\n\t\t\t\t\n\t\t\t\t\n\t\t\t\t\n\t\t\t\t\n\t\t\t\t\n\t\t\t\t\n\t\t\t\t\n\t\t\t<\/div>\n\n\t\t\t\t\t\t\t\t\t\t<\/div>\n\t\t\t\t\t\t\t\t<div class=\"tooltip-arrow\"><\/div>\n\t\t\t\t\t\t\t<\/div>\n\t\t\t\t\t\t<\/div>\n\t\t\t\t\t\n\t\t\t\t\t\t\t\t\t<\/div>\n\t\t\t\n\t\t\t\t\t\t\t\t\t\t\t\t<div class=\"wd-post-excerpt entry-content\">\n\t\t\t\t\t\tAs estufas e os abrigos s\u00e3o essenciais para proteger as suas plantas e as suas ferramentas de jardinagem das temperaturas mais baixas o...\t\t\t\t\t<\/div>\n\t\t\t\t\n\t\t\t\t\t\t\t\t\t\t\t\t\t\t<div class=\"wd-post-read-more wd-style-link read-more-section\">\n\t\t\t\t\t\t<a class=\"\" href=\"https:\/\/omeujardim.pt\/melhores-estufas-e-abrigos-para-2022\/\">Ver mais<\/a>\t\t\t\t\t<\/div>\n\t\t\t\t\t\t\t\t\t\t\t\t\t<\/div>\n\t<\/div>\n<\/article>\n\n\t\t\t\t\t\t\t\t\t\t\t\n<article id=\"post-127973\" class=\"wd-post blog-design-chess blog-post-loop blog-design-small-images blog-style-bg wd-add-shadow wd-col post-127973 post type-post status-publish format-standard has-post-thumbnail hentry category-blog category-agricultura category-dicaseajudas category-estufas category-inverno category-jardim category-jardinagem tag-inverno\">\n\t<div class=\"wd-post-inner article-inner\">\n\t\t\t\t\t<div class=\"wd-post-thumb entry-header\">\n\t\t\t\t\t\t\t\t\t<div class=\"wd-post-img post-img-wrapp\">\n\t\t\t\t\t\t<img width=\"720\" height=\"508\" src=\"https:\/\/omeuj.b-cdn.net\/wp-content\/themes\/woodmart\/images\/lazy.svg\" class=\"attachment- size- wd-lazy-fade\" alt=\"Jardim de Inverno 2022 Artigo OMJ\" decoding=\"async\" loading=\"lazy\" srcset=\"\" sizes=\"auto, (max-width: 720px) 100vw, 720px\" data-src=\"https:\/\/omeuj.b-cdn.net\/wp-content\/uploads\/Jardim-de-Inverno-2022-Artigo-OMJ.jpg\" data-srcset=\"https:\/\/omeuj.b-cdn.net\/wp-content\/uploads\/Jardim-de-Inverno-2022-Artigo-OMJ.jpg 720w, https:\/\/omeuj.b-cdn.net\/wp-content\/uploads\/Jardim-de-Inverno-2022-Artigo-OMJ-150x106.jpg 150w, https:\/\/omeuj.b-cdn.net\/wp-content\/uploads\/Jardim-de-Inverno-2022-Artigo-OMJ-600x423.jpg 600w, https:\/\/omeuj.b-cdn.net\/wp-content\/uploads\/Jardim-de-Inverno-2022-Artigo-OMJ-300x212.jpg 300w\" \/>\t\t\t\t\t<\/div>\n\t\t\t\t\t\t\t\t\t\t<a class=\"wd-fill\" tabindex=\"-1\" href=\"https:\/\/omeujardim.pt\/como-criar-um-jardim-de-inverno-em-2022\/\" aria-label=\"Link on post Como criar um jardim de inverno em 2022\"><\/a>\n\t\t\t\t\n\t\t\t\t\t\t\t\t\t\t\t\t<div class=\"wd-post-date wd-style-with-bg\">\n\t\t\t\t<span class=\"post-date-day\">\n\t\t\t\t\t14\t\t\t\t<\/span>\n\t\t\t\t<span class=\"post-date-month\">\n\t\t\t\t\tJan\t\t\t\t<\/span>\n\t\t\t<\/div>\n\t\t\t\t\t\t\t\t\t<\/div>\n\t\t\n\t\t<div class=\"wd-post-content article-body-container\">\n\t\t\t\t\t\t\t<div class=\"wd-post-cat wd-style-with-bg meta-post-categories\">\n\t\t\t\t\t<a href=\"https:\/\/omeujardim.pt\/blog\/\" rel=\"category tag\">Blog<\/a>, <a href=\"https:\/\/omeujardim.pt\/blog\/agricultura\/\" rel=\"category tag\">Agricultura<\/a>, <a href=\"https:\/\/omeujardim.pt\/blog\/dicaseajudas\/\" rel=\"category tag\">Dicas e Ajudas<\/a>, <a href=\"https:\/\/omeujardim.pt\/blog\/estufas\/\" rel=\"category tag\">Estufas<\/a>, <a href=\"https:\/\/omeujardim.pt\/blog\/inverno\/\" rel=\"category tag\">Inverno<\/a>, <a href=\"https:\/\/omeujardim.pt\/blog\/jardim\/\" rel=\"category tag\">Jardim<\/a>, <a href=\"https:\/\/omeujardim.pt\/blog\/jardinagem\/\" rel=\"category tag\">Jardinagem<\/a>\t\t\t\t<\/div>\n\t\t\t\n\t\t\t\t\t\t\t<h3 class=\"wd-post-title wd-entities-title title post-title\">\n\t\t\t\t\t<a href=\"https:\/\/omeujardim.pt\/como-criar-um-jardim-de-inverno-em-2022\/\" rel=\"bookmark\">Como criar um jardim de inverno em 2022<\/a>\n\t\t\t\t<\/h3>\n\t\t\t\n\t\t\t\t\t\t\t<div class=\"wd-post-meta\">\n\t\t\t\t\t\t\t\t\t\t\t\t\t\t\t<div class=\"wd-post-author\">\n\t\t\t\t\t\t\t\t\t\t\t<span>Autor<\/span>\n\t\t\n\t\t\t\t\t<img alt='author-avatar' src=\"https:\/\/omeuj.b-cdn.net\/wp-content\/themes\/woodmart\/images\/lazy.svg\" data-src='https:\/\/secure.gravatar.com\/avatar\/8301c04c2266b2e9e4be6daf65ab13c3329bc5d2ac79b70d52c3a7555d87c55e?s=18&#038;d=mm&#038;r=g' srcset=\"\" data-srcset='https:\/\/secure.gravatar.com\/avatar\/8301c04c2266b2e9e4be6daf65ab13c3329bc5d2ac79b70d52c3a7555d87c55e?s=36&#038;d=mm&#038;r=g 2x' class=' wd-lazy-fade avatar avatar-18 photo' height='18' width='18' loading='lazy' decoding='async'\/>\t\t\n\t\t\t\t\t<a href=\"https:\/\/omeujardim.pt\/author\/omeujard_administracao\/\" class=\"author\" rel=\"author\">omeujard_administracao<\/a>\n\t\t\t\t\t\t\t\t\t<\/div>\n\t\t\t\t\t<div class=\"wd-modified-date\">\n\t\t\t\t\t\t\t\t<time class=\"updated\" datetime=\"2022-12-20T18:08:48+00:00\">\n\t\t\t20\/12\/2022\t\t<\/time>\n\t\t\t\t\t\t\t<\/div>\n\n\t\t\t\t\t\t\t\t\t\t\t<div tabindex=\"0\" class=\"wd-post-share wd-tltp\">\n\t\t\t\t\t\t\t<div class=\"tooltip top\">\n\t\t\t\t\t\t\t\t<div class=\"tooltip-inner\">\n\t\t\t\t\t\t\t\t\t\t\t\t<div\n\t\t\t\t\t\tclass=\" wd-social-icons  wd-style-default wd-size-small social-share wd-shape-circle color-scheme-light text-center\">\n\t\t\t\t\n\t\t\t\t\n\t\t\t\t\t\t\t\t\t<a rel=\"noopener noreferrer nofollow\" href=\"https:\/\/www.facebook.com\/sharer\/sharer.php?u=https:\/\/omeujardim.pt\/blog\/jardinagem\/\" target=\"_blank\" class=\" wd-social-icon social-facebook\" aria-label=\"Facebook social link\">\n\t\t\t\t\t\t<span class=\"wd-icon\"><\/span>\n\t\t\t\t\t\t\t\t\t\t\t<\/a>\n\t\t\t\t\n\t\t\t\t\n\t\t\t\t\n\t\t\t\t\t\t\t\t\t<a rel=\"noopener noreferrer nofollow\" href=\"mailto:?subject=Check%20this%20https:\/\/omeujardim.pt\/blog\/jardinagem\/\" target=\"_blank\" class=\" wd-social-icon social-email\" aria-label=\"Email social link\">\n\t\t\t\t\t\t<span class=\"wd-icon\"><\/span>\n\t\t\t\t\t\t\t\t\t\t\t<\/a>\n\t\t\t\t\n\t\t\t\t\n\t\t\t\t\n\t\t\t\t\n\t\t\t\t\t\t\t\t\t<a rel=\"noopener noreferrer nofollow\" href=\"https:\/\/pinterest.com\/pin\/create\/button\/?url=https:\/\/omeujardim.pt\/blog\/jardinagem\/&media=https:\/\/omeujardim.pt\/wp-content\/uploads\/Jardim-de-Inverno-2022-Artigo-OMJ.jpg&description=Como+criar+um+jardim+de+inverno+em+2022\" target=\"_blank\" class=\" wd-social-icon social-pinterest\" aria-label=\"Pinterest social link\">\n\t\t\t\t\t\t<span class=\"wd-icon\"><\/span>\n\t\t\t\t\t\t\t\t\t\t\t<\/a>\n\t\t\t\t\n\t\t\t\t\n\t\t\t\t\n\t\t\t\t\n\t\t\t\t\n\t\t\t\t\n\t\t\t\t\n\t\t\t\t\n\t\t\t\t\n\t\t\t\t\n\t\t\t\t\n\t\t\t\t\t\t\t\t\t<a rel=\"noopener noreferrer nofollow\" href=\"https:\/\/api.whatsapp.com\/send?text=https%3A%2F%2Fomeujardim.pt%2Fblog%2Fjardinagem%2F\" target=\"_blank\" class=\"wd-hide-md  wd-social-icon social-whatsapp\" aria-label=\"WhatsApp social link\">\n\t\t\t\t\t\t<span class=\"wd-icon\"><\/span>\n\t\t\t\t\t\t\t\t\t\t\t<\/a>\n\n\t\t\t\t\t<a rel=\"noopener noreferrer nofollow\" href=\"whatsapp:\/\/send?text=https%3A%2F%2Fomeujardim.pt%2Fblog%2Fjardinagem%2F\" target=\"_blank\" class=\"wd-hide-lg  wd-social-icon social-whatsapp\" aria-label=\"WhatsApp social link\">\n\t\t\t\t\t\t<span class=\"wd-icon\"><\/span>\n\t\t\t\t\t\t\t\t\t\t\t<\/a>\n\t\t\t\t\n\t\t\t\t\n\t\t\t\t\n\t\t\t\t\n\t\t\t\t\n\t\t\t\t\n\t\t\t\t\n\t\t\t\t\n\t\t\t<\/div>\n\n\t\t\t\t\t\t\t\t\t\t<\/div>\n\t\t\t\t\t\t\t\t<div class=\"tooltip-arrow\"><\/div>\n\t\t\t\t\t\t\t<\/div>\n\t\t\t\t\t\t<\/div>\n\t\t\t\t\t\n\t\t\t\t\t\t\t\t\t<\/div>\n\t\t\t\n\t\t\t\t\t\t\t\t\t\t\t\t<div class=\"wd-post-excerpt entry-content\">\n\t\t\t\t\t\tComece 2022 com o jardim de inverno dos seus sonhos. Neste artigo dizemos-lhe as principais dicas a ter em conta ao transformar o seu e...\t\t\t\t\t<\/div>\n\t\t\t\t\n\t\t\t\t\t\t\t\t\t\t\t\t\t\t<div class=\"wd-post-read-more wd-style-link read-more-section\">\n\t\t\t\t\t\t<a class=\"\" href=\"https:\/\/omeujardim.pt\/como-criar-um-jardim-de-inverno-em-2022\/\">Ver mais<\/a>\t\t\t\t\t<\/div>\n\t\t\t\t\t\t\t\t\t\t\t\t\t<\/div>\n\t<\/div>\n<\/article>\n\n\t\t\t\t\t\t\t\t\t\t\t\n<article id=\"post-113945\" class=\"wd-post blog-design-chess blog-post-loop blog-design-small-images blog-style-bg wd-add-shadow wd-col post-113945 post type-post status-publish format-standard has-post-thumbnail hentry category-agricultura category-blog category-dicaseajudas category-jardim category-jardinagem category-outono\">\n\t<div class=\"wd-post-inner article-inner\">\n\t\t\t\t\t<div class=\"wd-post-thumb entry-header\">\n\t\t\t\t\t\t\t\t\t<div class=\"wd-post-img post-img-wrapp\">\n\t\t\t\t\t\t<img width=\"1920\" height=\"1440\" src=\"https:\/\/omeuj.b-cdn.net\/wp-content\/themes\/woodmart\/images\/lazy.svg\" class=\"attachment- size- wd-lazy-fade\" alt=\"O que cultivar em setembro Guia Completo\" decoding=\"async\" loading=\"lazy\" srcset=\"\" sizes=\"auto, (max-width: 1920px) 100vw, 1920px\" data-src=\"https:\/\/omeuj.b-cdn.net\/wp-content\/uploads\/O-que-cultivar-em-setembro-Guia-Completo.jpg\" data-srcset=\"https:\/\/omeuj.b-cdn.net\/wp-content\/uploads\/O-que-cultivar-em-setembro-Guia-Completo.jpg 1920w, https:\/\/omeuj.b-cdn.net\/wp-content\/uploads\/O-que-cultivar-em-setembro-Guia-Completo-150x113.jpg 150w, https:\/\/omeuj.b-cdn.net\/wp-content\/uploads\/O-que-cultivar-em-setembro-Guia-Completo-600x450.jpg 600w, https:\/\/omeuj.b-cdn.net\/wp-content\/uploads\/O-que-cultivar-em-setembro-Guia-Completo-300x225.jpg 300w, https:\/\/omeuj.b-cdn.net\/wp-content\/uploads\/O-que-cultivar-em-setembro-Guia-Completo-1024x768.jpg 1024w, https:\/\/omeuj.b-cdn.net\/wp-content\/uploads\/O-que-cultivar-em-setembro-Guia-Completo-768x576.jpg 768w, https:\/\/omeuj.b-cdn.net\/wp-content\/uploads\/O-que-cultivar-em-setembro-Guia-Completo-1536x1152.jpg 1536w\" \/>\t\t\t\t\t<\/div>\n\t\t\t\t\t\t\t\t\t\t<a class=\"wd-fill\" tabindex=\"-1\" href=\"https:\/\/omeujardim.pt\/o-que-cultivar-em-setembro-guia-completo\/\" aria-label=\"Link on post O que cultivar em setembro: Guia Completo 2021\"><\/a>\n\t\t\t\t\n\t\t\t\t\t\t\t\t\t\t\t\t<div class=\"wd-post-date wd-style-with-bg\">\n\t\t\t\t<span class=\"post-date-day\">\n\t\t\t\t\t01\t\t\t\t<\/span>\n\t\t\t\t<span class=\"post-date-month\">\n\t\t\t\t\tSet\t\t\t\t<\/span>\n\t\t\t<\/div>\n\t\t\t\t\t\t\t\t\t<\/div>\n\t\t\n\t\t<div class=\"wd-post-content article-body-container\">\n\t\t\t\t\t\t\t<div class=\"wd-post-cat wd-style-with-bg meta-post-categories\">\n\t\t\t\t\t<a href=\"https:\/\/omeujardim.pt\/blog\/agricultura\/\" rel=\"category tag\">Agricultura<\/a>, <a href=\"https:\/\/omeujardim.pt\/blog\/\" rel=\"category tag\">Blog<\/a>, <a href=\"https:\/\/omeujardim.pt\/blog\/dicaseajudas\/\" rel=\"category tag\">Dicas e Ajudas<\/a>, <a href=\"https:\/\/omeujardim.pt\/blog\/jardim\/\" rel=\"category tag\">Jardim<\/a>, <a href=\"https:\/\/omeujardim.pt\/blog\/jardinagem\/\" rel=\"category tag\">Jardinagem<\/a>, <a href=\"https:\/\/omeujardim.pt\/blog\/outono\/\" rel=\"category tag\">Outono<\/a>\t\t\t\t<\/div>\n\t\t\t\n\t\t\t\t\t\t\t<h3 class=\"wd-post-title wd-entities-title title post-title\">\n\t\t\t\t\t<a href=\"https:\/\/omeujardim.pt\/o-que-cultivar-em-setembro-guia-completo\/\" rel=\"bookmark\">O que cultivar em setembro: Guia Completo 2021<\/a>\n\t\t\t\t<\/h3>\n\t\t\t\n\t\t\t\t\t\t\t<div class=\"wd-post-meta\">\n\t\t\t\t\t\t\t\t\t\t\t\t\t\t\t<div class=\"wd-post-author\">\n\t\t\t\t\t\t\t\t\t\t\t<span>Autor<\/span>\n\t\t\n\t\t\t\t\t<img alt='author-avatar' src=\"https:\/\/omeuj.b-cdn.net\/wp-content\/themes\/woodmart\/images\/lazy.svg\" data-src='https:\/\/secure.gravatar.com\/avatar\/8301c04c2266b2e9e4be6daf65ab13c3329bc5d2ac79b70d52c3a7555d87c55e?s=18&#038;d=mm&#038;r=g' srcset=\"\" data-srcset='https:\/\/secure.gravatar.com\/avatar\/8301c04c2266b2e9e4be6daf65ab13c3329bc5d2ac79b70d52c3a7555d87c55e?s=36&#038;d=mm&#038;r=g 2x' class=' wd-lazy-fade avatar avatar-18 photo' height='18' width='18' loading='lazy' decoding='async'\/>\t\t\n\t\t\t\t\t<a href=\"https:\/\/omeujardim.pt\/author\/omeujard_administracao\/\" class=\"author\" rel=\"author\">omeujard_administracao<\/a>\n\t\t\t\t\t\t\t\t\t<\/div>\n\t\t\t\t\t<div class=\"wd-modified-date\">\n\t\t\t\t\t\t\t\t<time class=\"updated\" datetime=\"2021-12-06T18:19:34+00:00\">\n\t\t\t06\/12\/2021\t\t<\/time>\n\t\t\t\t\t\t\t<\/div>\n\n\t\t\t\t\t\t\t\t\t\t\t<div tabindex=\"0\" class=\"wd-post-share wd-tltp\">\n\t\t\t\t\t\t\t<div class=\"tooltip top\">\n\t\t\t\t\t\t\t\t<div class=\"tooltip-inner\">\n\t\t\t\t\t\t\t\t\t\t\t\t<div\n\t\t\t\t\t\tclass=\" wd-social-icons  wd-style-default wd-size-small social-share wd-shape-circle color-scheme-light text-center\">\n\t\t\t\t\n\t\t\t\t\n\t\t\t\t\t\t\t\t\t<a rel=\"noopener noreferrer nofollow\" href=\"https:\/\/www.facebook.com\/sharer\/sharer.php?u=https:\/\/omeujardim.pt\/blog\/jardinagem\/\" target=\"_blank\" class=\" wd-social-icon social-facebook\" aria-label=\"Facebook social link\">\n\t\t\t\t\t\t<span class=\"wd-icon\"><\/span>\n\t\t\t\t\t\t\t\t\t\t\t<\/a>\n\t\t\t\t\n\t\t\t\t\n\t\t\t\t\n\t\t\t\t\t\t\t\t\t<a rel=\"noopener noreferrer nofollow\" href=\"mailto:?subject=Check%20this%20https:\/\/omeujardim.pt\/blog\/jardinagem\/\" target=\"_blank\" class=\" wd-social-icon social-email\" aria-label=\"Email social link\">\n\t\t\t\t\t\t<span class=\"wd-icon\"><\/span>\n\t\t\t\t\t\t\t\t\t\t\t<\/a>\n\t\t\t\t\n\t\t\t\t\n\t\t\t\t\n\t\t\t\t\n\t\t\t\t\t\t\t\t\t<a rel=\"noopener noreferrer nofollow\" href=\"https:\/\/pinterest.com\/pin\/create\/button\/?url=https:\/\/omeujardim.pt\/blog\/jardinagem\/&media=https:\/\/omeujardim.pt\/wp-content\/uploads\/O-que-cultivar-em-setembro-Guia-Completo.jpg&description=O+que+cultivar+em+setembro%3A+Guia+Completo+2021\" target=\"_blank\" class=\" wd-social-icon social-pinterest\" aria-label=\"Pinterest social link\">\n\t\t\t\t\t\t<span class=\"wd-icon\"><\/span>\n\t\t\t\t\t\t\t\t\t\t\t<\/a>\n\t\t\t\t\n\t\t\t\t\n\t\t\t\t\n\t\t\t\t\n\t\t\t\t\n\t\t\t\t\n\t\t\t\t\n\t\t\t\t\n\t\t\t\t\n\t\t\t\t\n\t\t\t\t\n\t\t\t\t\t\t\t\t\t<a rel=\"noopener noreferrer nofollow\" href=\"https:\/\/api.whatsapp.com\/send?text=https%3A%2F%2Fomeujardim.pt%2Fblog%2Fjardinagem%2F\" target=\"_blank\" class=\"wd-hide-md  wd-social-icon social-whatsapp\" aria-label=\"WhatsApp social link\">\n\t\t\t\t\t\t<span class=\"wd-icon\"><\/span>\n\t\t\t\t\t\t\t\t\t\t\t<\/a>\n\n\t\t\t\t\t<a rel=\"noopener noreferrer nofollow\" href=\"whatsapp:\/\/send?text=https%3A%2F%2Fomeujardim.pt%2Fblog%2Fjardinagem%2F\" target=\"_blank\" class=\"wd-hide-lg  wd-social-icon social-whatsapp\" aria-label=\"WhatsApp social link\">\n\t\t\t\t\t\t<span class=\"wd-icon\"><\/span>\n\t\t\t\t\t\t\t\t\t\t\t<\/a>\n\t\t\t\t\n\t\t\t\t\n\t\t\t\t\n\t\t\t\t\n\t\t\t\t\n\t\t\t\t\n\t\t\t\t\n\t\t\t\t\n\t\t\t<\/div>\n\n\t\t\t\t\t\t\t\t\t\t<\/div>\n\t\t\t\t\t\t\t\t<div class=\"tooltip-arrow\"><\/div>\n\t\t\t\t\t\t\t<\/div>\n\t\t\t\t\t\t<\/div>\n\t\t\t\t\t\n\t\t\t\t\t\t\t\t\t<\/div>\n\t\t\t\n\t\t\t\t\t\t\t\t\t\t\t\t<div class=\"wd-post-excerpt entry-content\">\n\t\t\t\t\t\tCome\u00e7amos um novo m\u00eas, e com ele novas possibilidades nascem na sua horta e est\u00e1 na hora de cultivar novas plantas e alimentos.\r\n\r\nNest...\t\t\t\t\t<\/div>\n\t\t\t\t\n\t\t\t\t\t\t\t\t\t\t\t\t\t\t<div class=\"wd-post-read-more wd-style-link read-more-section\">\n\t\t\t\t\t\t<a class=\"\" href=\"https:\/\/omeujardim.pt\/o-que-cultivar-em-setembro-guia-completo\/\">Ver mais<\/a>\t\t\t\t\t<\/div>\n\t\t\t\t\t\t\t\t\t\t\t\t\t<\/div>\n\t<\/div>\n<\/article>\n\n\t\t\t\t\t\t\t\t\t\t\t\n<article id=\"post-113724\" class=\"wd-post blog-design-chess blog-post-loop blog-design-small-images blog-style-bg wd-add-shadow wd-col post-113724 post type-post status-publish format-standard has-post-thumbnail hentry category-blog category-dicaseajudas category-estufas category-jardim category-jardinagem category-tendas tag-abrigos\">\n\t<div class=\"wd-post-inner article-inner\">\n\t\t\t\t\t<div class=\"wd-post-thumb entry-header\">\n\t\t\t\t\t\t\t\t\t<div class=\"wd-post-img post-img-wrapp\">\n\t\t\t\t\t\t<img width=\"1500\" height=\"1200\" src=\"https:\/\/omeuj.b-cdn.net\/wp-content\/themes\/woodmart\/images\/lazy.svg\" class=\"attachment- size- wd-lazy-fade\" alt=\"Como organizar abrigos de jardim\" decoding=\"async\" loading=\"lazy\" srcset=\"\" sizes=\"auto, (max-width: 1500px) 100vw, 1500px\" data-src=\"https:\/\/omeuj.b-cdn.net\/wp-content\/uploads\/Palram_Garden_Sheds_Rubicon_6x8_Grey_Atmosphere_3.jpeg\" data-srcset=\"https:\/\/omeuj.b-cdn.net\/wp-content\/uploads\/Palram_Garden_Sheds_Rubicon_6x8_Grey_Atmosphere_3.jpeg 1500w, https:\/\/omeuj.b-cdn.net\/wp-content\/uploads\/Palram_Garden_Sheds_Rubicon_6x8_Grey_Atmosphere_3-150x120.jpeg 150w, https:\/\/omeuj.b-cdn.net\/wp-content\/uploads\/Palram_Garden_Sheds_Rubicon_6x8_Grey_Atmosphere_3-600x480.jpeg 600w, https:\/\/omeuj.b-cdn.net\/wp-content\/uploads\/Palram_Garden_Sheds_Rubicon_6x8_Grey_Atmosphere_3-300x240.jpeg 300w, https:\/\/omeuj.b-cdn.net\/wp-content\/uploads\/Palram_Garden_Sheds_Rubicon_6x8_Grey_Atmosphere_3-1024x819.jpeg 1024w, https:\/\/omeuj.b-cdn.net\/wp-content\/uploads\/Palram_Garden_Sheds_Rubicon_6x8_Grey_Atmosphere_3-768x614.jpeg 768w\" \/>\t\t\t\t\t<\/div>\n\t\t\t\t\t\t\t\t\t\t<a class=\"wd-fill\" tabindex=\"-1\" href=\"https:\/\/omeujardim.pt\/como-escolher-abrigos-de-jardim-em-2021\/\" aria-label=\"Link on post Como escolher abrigos de jardim em 2021\"><\/a>\n\t\t\t\t\n\t\t\t\t\t\t\t\t\t\t\t\t<div class=\"wd-post-date wd-style-with-bg\">\n\t\t\t\t<span class=\"post-date-day\">\n\t\t\t\t\t27\t\t\t\t<\/span>\n\t\t\t\t<span class=\"post-date-month\">\n\t\t\t\t\tAgo\t\t\t\t<\/span>\n\t\t\t<\/div>\n\t\t\t\t\t\t\t\t\t<\/div>\n\t\t\n\t\t<div class=\"wd-post-content article-body-container\">\n\t\t\t\t\t\t\t<div class=\"wd-post-cat wd-style-with-bg meta-post-categories\">\n\t\t\t\t\t<a href=\"https:\/\/omeujardim.pt\/blog\/\" rel=\"category tag\">Blog<\/a>, <a href=\"https:\/\/omeujardim.pt\/blog\/dicaseajudas\/\" rel=\"category tag\">Dicas e Ajudas<\/a>, <a href=\"https:\/\/omeujardim.pt\/blog\/estufas\/\" rel=\"category tag\">Estufas<\/a>, <a href=\"https:\/\/omeujardim.pt\/blog\/jardim\/\" rel=\"category tag\">Jardim<\/a>, <a href=\"https:\/\/omeujardim.pt\/blog\/jardinagem\/\" rel=\"category tag\">Jardinagem<\/a>, <a href=\"https:\/\/omeujardim.pt\/blog\/tendas\/\" rel=\"category tag\">Tendas<\/a>\t\t\t\t<\/div>\n\t\t\t\n\t\t\t\t\t\t\t<h3 class=\"wd-post-title wd-entities-title title post-title\">\n\t\t\t\t\t<a href=\"https:\/\/omeujardim.pt\/como-escolher-abrigos-de-jardim-em-2021\/\" rel=\"bookmark\">Como escolher abrigos de jardim em 2021<\/a>\n\t\t\t\t<\/h3>\n\t\t\t\n\t\t\t\t\t\t\t<div class=\"wd-post-meta\">\n\t\t\t\t\t\t\t\t\t\t\t\t\t\t\t<div class=\"wd-post-author\">\n\t\t\t\t\t\t\t\t\t\t\t<span>Autor<\/span>\n\t\t\n\t\t\t\t\t<img alt='author-avatar' src=\"https:\/\/omeuj.b-cdn.net\/wp-content\/themes\/woodmart\/images\/lazy.svg\" data-src='https:\/\/secure.gravatar.com\/avatar\/8301c04c2266b2e9e4be6daf65ab13c3329bc5d2ac79b70d52c3a7555d87c55e?s=18&#038;d=mm&#038;r=g' srcset=\"\" data-srcset='https:\/\/secure.gravatar.com\/avatar\/8301c04c2266b2e9e4be6daf65ab13c3329bc5d2ac79b70d52c3a7555d87c55e?s=36&#038;d=mm&#038;r=g 2x' class=' wd-lazy-fade avatar avatar-18 photo' height='18' width='18' loading='lazy' decoding='async'\/>\t\t\n\t\t\t\t\t<a href=\"https:\/\/omeujardim.pt\/author\/omeujard_administracao\/\" class=\"author\" rel=\"author\">omeujard_administracao<\/a>\n\t\t\t\t\t\t\t\t\t<\/div>\n\t\t\t\t\t<div class=\"wd-modified-date\">\n\t\t\t\t\t\t\t\t<time class=\"updated\" datetime=\"2022-07-13T13:57:51+00:00\">\n\t\t\t13\/07\/2022\t\t<\/time>\n\t\t\t\t\t\t\t<\/div>\n\n\t\t\t\t\t\t\t\t\t\t\t<div tabindex=\"0\" class=\"wd-post-share wd-tltp\">\n\t\t\t\t\t\t\t<div class=\"tooltip top\">\n\t\t\t\t\t\t\t\t<div class=\"tooltip-inner\">\n\t\t\t\t\t\t\t\t\t\t\t\t<div\n\t\t\t\t\t\tclass=\" wd-social-icons  wd-style-default wd-size-small social-share wd-shape-circle color-scheme-light text-center\">\n\t\t\t\t\n\t\t\t\t\n\t\t\t\t\t\t\t\t\t<a rel=\"noopener noreferrer nofollow\" href=\"https:\/\/www.facebook.com\/sharer\/sharer.php?u=https:\/\/omeujardim.pt\/blog\/jardinagem\/\" target=\"_blank\" class=\" wd-social-icon social-facebook\" aria-label=\"Facebook social link\">\n\t\t\t\t\t\t<span class=\"wd-icon\"><\/span>\n\t\t\t\t\t\t\t\t\t\t\t<\/a>\n\t\t\t\t\n\t\t\t\t\n\t\t\t\t\n\t\t\t\t\t\t\t\t\t<a rel=\"noopener noreferrer nofollow\" href=\"mailto:?subject=Check%20this%20https:\/\/omeujardim.pt\/blog\/jardinagem\/\" target=\"_blank\" class=\" wd-social-icon social-email\" aria-label=\"Email social link\">\n\t\t\t\t\t\t<span class=\"wd-icon\"><\/span>\n\t\t\t\t\t\t\t\t\t\t\t<\/a>\n\t\t\t\t\n\t\t\t\t\n\t\t\t\t\n\t\t\t\t\n\t\t\t\t\t\t\t\t\t<a rel=\"noopener noreferrer nofollow\" href=\"https:\/\/pinterest.com\/pin\/create\/button\/?url=https:\/\/omeujardim.pt\/blog\/jardinagem\/&media=https:\/\/omeujardim.pt\/wp-content\/uploads\/Palram_Garden_Sheds_Rubicon_6x8_Grey_Atmosphere_3.jpeg&description=Como+escolher+abrigos+de+jardim+em+2021\" target=\"_blank\" class=\" wd-social-icon social-pinterest\" aria-label=\"Pinterest social link\">\n\t\t\t\t\t\t<span class=\"wd-icon\"><\/span>\n\t\t\t\t\t\t\t\t\t\t\t<\/a>\n\t\t\t\t\n\t\t\t\t\n\t\t\t\t\n\t\t\t\t\n\t\t\t\t\n\t\t\t\t\n\t\t\t\t\n\t\t\t\t\n\t\t\t\t\n\t\t\t\t\n\t\t\t\t\n\t\t\t\t\t\t\t\t\t<a rel=\"noopener noreferrer nofollow\" href=\"https:\/\/api.whatsapp.com\/send?text=https%3A%2F%2Fomeujardim.pt%2Fblog%2Fjardinagem%2F\" target=\"_blank\" class=\"wd-hide-md  wd-social-icon social-whatsapp\" aria-label=\"WhatsApp social link\">\n\t\t\t\t\t\t<span class=\"wd-icon\"><\/span>\n\t\t\t\t\t\t\t\t\t\t\t<\/a>\n\n\t\t\t\t\t<a rel=\"noopener noreferrer nofollow\" href=\"whatsapp:\/\/send?text=https%3A%2F%2Fomeujardim.pt%2Fblog%2Fjardinagem%2F\" target=\"_blank\" class=\"wd-hide-lg  wd-social-icon social-whatsapp\" aria-label=\"WhatsApp social link\">\n\t\t\t\t\t\t<span class=\"wd-icon\"><\/span>\n\t\t\t\t\t\t\t\t\t\t\t<\/a>\n\t\t\t\t\n\t\t\t\t\n\t\t\t\t\n\t\t\t\t\n\t\t\t\t\n\t\t\t\t\n\t\t\t\t\n\t\t\t\t\n\t\t\t<\/div>\n\n\t\t\t\t\t\t\t\t\t\t<\/div>\n\t\t\t\t\t\t\t\t<div class=\"tooltip-arrow\"><\/div>\n\t\t\t\t\t\t\t<\/div>\n\t\t\t\t\t\t<\/div>\n\t\t\t\t\t\n\t\t\t\t\t\t\t\t\t<\/div>\n\t\t\t\n\t\t\t\t\t\t\t\t\t\t\t\t<div class=\"wd-post-excerpt entry-content\">\n\t\t\t\t\t\tEncontrar os melhores abrigos de jardim para o seu espa\u00e7o pode ser uma tarefa mais dif\u00edcil do que parece. Por isso, decidimos dar uma m...\t\t\t\t\t<\/div>\n\t\t\t\t\n\t\t\t\t\t\t\t\t\t\t\t\t\t\t<div class=\"wd-post-read-more wd-style-link read-more-section\">\n\t\t\t\t\t\t<a class=\"\" href=\"https:\/\/omeujardim.pt\/como-escolher-abrigos-de-jardim-em-2021\/\">Ver mais<\/a>\t\t\t\t\t<\/div>\n\t\t\t\t\t\t\t\t\t\t\t\t\t<\/div>\n\t<\/div>\n<\/article>\n\n\t\t\t\t\t\t\t\t\t\t\t\n<article id=\"post-113254\" class=\"wd-post blog-design-chess blog-post-loop blog-design-small-images blog-style-bg wd-add-shadow wd-col post-113254 post type-post status-publish format-standard has-post-thumbnail hentry category-agricultura category-blog category-dicaseajudas category-jardim category-jardinagem category-tendas category-verao\">\n\t<div class=\"wd-post-inner article-inner\">\n\t\t\t\t\t<div class=\"wd-post-thumb entry-header\">\n\t\t\t\t\t\t\t\t\t<div class=\"wd-post-img post-img-wrapp\">\n\t\t\t\t\t\t<img width=\"1500\" height=\"1500\" src=\"https:\/\/omeuj.b-cdn.net\/wp-content\/themes\/woodmart\/images\/lazy.svg\" class=\"attachment- size- wd-lazy-fade\" alt=\"Guia completo para compra toldos no ver\u00e3o de 2021\" decoding=\"async\" loading=\"lazy\" srcset=\"\" sizes=\"auto, (max-width: 1500px) 100vw, 1500px\" data-src=\"https:\/\/omeuj.b-cdn.net\/wp-content\/uploads\/840-151wr-1500-1.jpeg\" data-srcset=\"https:\/\/omeuj.b-cdn.net\/wp-content\/uploads\/840-151wr-1500-1.jpeg 1500w, https:\/\/omeuj.b-cdn.net\/wp-content\/uploads\/840-151wr-1500-1-300x300.jpeg 300w, https:\/\/omeuj.b-cdn.net\/wp-content\/uploads\/840-151wr-1500-1-150x150.jpeg 150w, https:\/\/omeuj.b-cdn.net\/wp-content\/uploads\/840-151wr-1500-1-600x600.jpeg 600w, https:\/\/omeuj.b-cdn.net\/wp-content\/uploads\/840-151wr-1500-1-1024x1024.jpeg 1024w, https:\/\/omeuj.b-cdn.net\/wp-content\/uploads\/840-151wr-1500-1-768x768.jpeg 768w\" \/>\t\t\t\t\t<\/div>\n\t\t\t\t\t\t\t\t\t\t<a class=\"wd-fill\" tabindex=\"-1\" href=\"https:\/\/omeujardim.pt\/guia-completo-para-compra-toldos-no-verao-de-2021\/\" aria-label=\"Link on post Guia completo para comprar toldos no ver\u00e3o de 2021\"><\/a>\n\t\t\t\t\n\t\t\t\t\t\t\t\t\t\t\t\t<div class=\"wd-post-date wd-style-with-bg\">\n\t\t\t\t<span class=\"post-date-day\">\n\t\t\t\t\t30\t\t\t\t<\/span>\n\t\t\t\t<span class=\"post-date-month\">\n\t\t\t\t\tJul\t\t\t\t<\/span>\n\t\t\t<\/div>\n\t\t\t\t\t\t\t\t\t<\/div>\n\t\t\n\t\t<div class=\"wd-post-content article-body-container\">\n\t\t\t\t\t\t\t<div class=\"wd-post-cat wd-style-with-bg meta-post-categories\">\n\t\t\t\t\t<a href=\"https:\/\/omeujardim.pt\/blog\/agricultura\/\" rel=\"category tag\">Agricultura<\/a>, <a href=\"https:\/\/omeujardim.pt\/blog\/\" rel=\"category tag\">Blog<\/a>, <a href=\"https:\/\/omeujardim.pt\/blog\/dicaseajudas\/\" rel=\"category tag\">Dicas e Ajudas<\/a>, <a href=\"https:\/\/omeujardim.pt\/blog\/jardim\/\" rel=\"category tag\">Jardim<\/a>, <a href=\"https:\/\/omeujardim.pt\/blog\/jardinagem\/\" rel=\"category tag\">Jardinagem<\/a>, <a href=\"https:\/\/omeujardim.pt\/blog\/tendas\/\" rel=\"category tag\">Tendas<\/a>, <a href=\"https:\/\/omeujardim.pt\/blog\/verao\/\" rel=\"category tag\">Ver\u00e3o<\/a>\t\t\t\t<\/div>\n\t\t\t\n\t\t\t\t\t\t\t<h3 class=\"wd-post-title wd-entities-title title post-title\">\n\t\t\t\t\t<a href=\"https:\/\/omeujardim.pt\/guia-completo-para-compra-toldos-no-verao-de-2021\/\" rel=\"bookmark\">Guia completo para comprar toldos no ver\u00e3o de 2021<\/a>\n\t\t\t\t<\/h3>\n\t\t\t\n\t\t\t\t\t\t\t<div class=\"wd-post-meta\">\n\t\t\t\t\t\t\t\t\t\t\t\t\t\t\t<div class=\"wd-post-author\">\n\t\t\t\t\t\t\t\t\t\t\t<span>Autor<\/span>\n\t\t\n\t\t\t\t\t<img alt='author-avatar' src=\"https:\/\/omeuj.b-cdn.net\/wp-content\/themes\/woodmart\/images\/lazy.svg\" data-src='https:\/\/secure.gravatar.com\/avatar\/8301c04c2266b2e9e4be6daf65ab13c3329bc5d2ac79b70d52c3a7555d87c55e?s=18&#038;d=mm&#038;r=g' srcset=\"\" data-srcset='https:\/\/secure.gravatar.com\/avatar\/8301c04c2266b2e9e4be6daf65ab13c3329bc5d2ac79b70d52c3a7555d87c55e?s=36&#038;d=mm&#038;r=g 2x' class=' wd-lazy-fade avatar avatar-18 photo' height='18' width='18' loading='lazy' decoding='async'\/>\t\t\n\t\t\t\t\t<a href=\"https:\/\/omeujardim.pt\/author\/omeujard_administracao\/\" class=\"author\" rel=\"author\">omeujard_administracao<\/a>\n\t\t\t\t\t\t\t\t\t<\/div>\n\t\t\t\t\t<div class=\"wd-modified-date\">\n\t\t\t\t\t\t\t\t<time class=\"updated\" datetime=\"2021-12-06T18:20:43+00:00\">\n\t\t\t06\/12\/2021\t\t<\/time>\n\t\t\t\t\t\t\t<\/div>\n\n\t\t\t\t\t\t\t\t\t\t\t<div tabindex=\"0\" class=\"wd-post-share wd-tltp\">\n\t\t\t\t\t\t\t<div class=\"tooltip top\">\n\t\t\t\t\t\t\t\t<div class=\"tooltip-inner\">\n\t\t\t\t\t\t\t\t\t\t\t\t<div\n\t\t\t\t\t\tclass=\" wd-social-icons  wd-style-default wd-size-small social-share wd-shape-circle color-scheme-light text-center\">\n\t\t\t\t\n\t\t\t\t\n\t\t\t\t\t\t\t\t\t<a rel=\"noopener noreferrer nofollow\" href=\"https:\/\/www.facebook.com\/sharer\/sharer.php?u=https:\/\/omeujardim.pt\/blog\/jardinagem\/\" target=\"_blank\" class=\" wd-social-icon social-facebook\" aria-label=\"Facebook social link\">\n\t\t\t\t\t\t<span class=\"wd-icon\"><\/span>\n\t\t\t\t\t\t\t\t\t\t\t<\/a>\n\t\t\t\t\n\t\t\t\t\n\t\t\t\t\n\t\t\t\t\t\t\t\t\t<a rel=\"noopener noreferrer nofollow\" href=\"mailto:?subject=Check%20this%20https:\/\/omeujardim.pt\/blog\/jardinagem\/\" target=\"_blank\" class=\" wd-social-icon social-email\" aria-label=\"Email social link\">\n\t\t\t\t\t\t<span class=\"wd-icon\"><\/span>\n\t\t\t\t\t\t\t\t\t\t\t<\/a>\n\t\t\t\t\n\t\t\t\t\n\t\t\t\t\n\t\t\t\t\n\t\t\t\t\t\t\t\t\t<a rel=\"noopener noreferrer nofollow\" href=\"https:\/\/pinterest.com\/pin\/create\/button\/?url=https:\/\/omeujardim.pt\/blog\/jardinagem\/&media=https:\/\/omeujardim.pt\/wp-content\/uploads\/840-151wr-1500-1.jpeg&description=Guia+completo+para+comprar+toldos+no+ver%C3%A3o+de+2021\" target=\"_blank\" class=\" wd-social-icon social-pinterest\" aria-label=\"Pinterest social link\">\n\t\t\t\t\t\t<span class=\"wd-icon\"><\/span>\n\t\t\t\t\t\t\t\t\t\t\t<\/a>\n\t\t\t\t\n\t\t\t\t\n\t\t\t\t\n\t\t\t\t\n\t\t\t\t\n\t\t\t\t\n\t\t\t\t\n\t\t\t\t\n\t\t\t\t\n\t\t\t\t\n\t\t\t\t\n\t\t\t\t\t\t\t\t\t<a rel=\"noopener noreferrer nofollow\" href=\"https:\/\/api.whatsapp.com\/send?text=https%3A%2F%2Fomeujardim.pt%2Fblog%2Fjardinagem%2F\" target=\"_blank\" class=\"wd-hide-md  wd-social-icon social-whatsapp\" aria-label=\"WhatsApp social link\">\n\t\t\t\t\t\t<span class=\"wd-icon\"><\/span>\n\t\t\t\t\t\t\t\t\t\t\t<\/a>\n\n\t\t\t\t\t<a rel=\"noopener noreferrer nofollow\" href=\"whatsapp:\/\/send?text=https%3A%2F%2Fomeujardim.pt%2Fblog%2Fjardinagem%2F\" target=\"_blank\" class=\"wd-hide-lg  wd-social-icon social-whatsapp\" aria-label=\"WhatsApp social link\">\n\t\t\t\t\t\t<span class=\"wd-icon\"><\/span>\n\t\t\t\t\t\t\t\t\t\t\t<\/a>\n\t\t\t\t\n\t\t\t\t\n\t\t\t\t\n\t\t\t\t\n\t\t\t\t\n\t\t\t\t\n\t\t\t\t\n\t\t\t\t\n\t\t\t<\/div>\n\n\t\t\t\t\t\t\t\t\t\t<\/div>\n\t\t\t\t\t\t\t\t<div class=\"tooltip-arrow\"><\/div>\n\t\t\t\t\t\t\t<\/div>\n\t\t\t\t\t\t<\/div>\n\t\t\t\t\t\n\t\t\t\t\t\t\t\t\t<\/div>\n\t\t\t\n\t\t\t\t\t\t\t\t\t\t\t\t<div class=\"wd-post-excerpt entry-content\">\n\t\t\t\t\t\tOs toldos s\u00e3o uma pe\u00e7a de decora\u00e7\u00e3o fundamental no seu terra\u00e7o. Seja de ver\u00e3o ou inverno, a cobertura traz a prote\u00e7\u00e3o necess\u00e1ria para a...\t\t\t\t\t<\/div>\n\t\t\t\t\n\t\t\t\t\t\t\t\t\t\t\t\t\t\t<div class=\"wd-post-read-more wd-style-link read-more-section\">\n\t\t\t\t\t\t<a class=\"\" href=\"https:\/\/omeujardim.pt\/guia-completo-para-compra-toldos-no-verao-de-2021\/\">Ver mais<\/a>\t\t\t\t\t<\/div>\n\t\t\t\t\t\t\t\t\t\t\t\t\t<\/div>\n\t<\/div>\n<\/article>\n\n\t\t\t\t\t\t\t\t\t\t\t\n<article id=\"post-106843\" class=\"wd-post blog-design-chess blog-post-loop blog-design-small-images blog-style-bg wd-add-shadow wd-col post-106843 post type-post status-publish format-standard has-post-thumbnail hentry category-agricultura category-blog category-dicaseajudas category-jardim category-jardinagem\">\n\t<div class=\"wd-post-inner article-inner\">\n\t\t\t\t\t<div class=\"wd-post-thumb entry-header\">\n\t\t\t\t\t\t\t\t\t<div class=\"wd-post-img post-img-wrapp\">\n\t\t\t\t\t\t<img width=\"1920\" height=\"1280\" src=\"https:\/\/omeuj.b-cdn.net\/wp-content\/themes\/woodmart\/images\/lazy.svg\" class=\"attachment- size- wd-lazy-fade\" alt=\"5 dicas para o cultivo de tomates em estufa\" decoding=\"async\" loading=\"lazy\" srcset=\"\" sizes=\"auto, (max-width: 1920px) 100vw, 1920px\" data-src=\"https:\/\/omeuj.b-cdn.net\/wp-content\/uploads\/5-dicas-para-o-cultivo-de-tomates-em-estufa.jpg\" data-srcset=\"https:\/\/omeuj.b-cdn.net\/wp-content\/uploads\/5-dicas-para-o-cultivo-de-tomates-em-estufa.jpg 1920w, https:\/\/omeuj.b-cdn.net\/wp-content\/uploads\/5-dicas-para-o-cultivo-de-tomates-em-estufa-150x100.jpg 150w, https:\/\/omeuj.b-cdn.net\/wp-content\/uploads\/5-dicas-para-o-cultivo-de-tomates-em-estufa-600x400.jpg 600w, https:\/\/omeuj.b-cdn.net\/wp-content\/uploads\/5-dicas-para-o-cultivo-de-tomates-em-estufa-300x200.jpg 300w, https:\/\/omeuj.b-cdn.net\/wp-content\/uploads\/5-dicas-para-o-cultivo-de-tomates-em-estufa-1024x683.jpg 1024w, https:\/\/omeuj.b-cdn.net\/wp-content\/uploads\/5-dicas-para-o-cultivo-de-tomates-em-estufa-768x512.jpg 768w, https:\/\/omeuj.b-cdn.net\/wp-content\/uploads\/5-dicas-para-o-cultivo-de-tomates-em-estufa-1536x1024.jpg 1536w\" \/>\t\t\t\t\t<\/div>\n\t\t\t\t\t\t\t\t\t\t<a class=\"wd-fill\" tabindex=\"-1\" href=\"https:\/\/omeujardim.pt\/5-dicas-para-cultivo-de-tomate-em-estufa\/\" aria-label=\"Link on post 5 dicas para o cultivo de tomates em estufa\"><\/a>\n\t\t\t\t\n\t\t\t\t\t\t\t\t\t\t\t\t<div class=\"wd-post-date wd-style-with-bg\">\n\t\t\t\t<span class=\"post-date-day\">\n\t\t\t\t\t16\t\t\t\t<\/span>\n\t\t\t\t<span class=\"post-date-month\">\n\t\t\t\t\tJul\t\t\t\t<\/span>\n\t\t\t<\/div>\n\t\t\t\t\t\t\t\t\t<\/div>\n\t\t\n\t\t<div class=\"wd-post-content article-body-container\">\n\t\t\t\t\t\t\t<div class=\"wd-post-cat wd-style-with-bg meta-post-categories\">\n\t\t\t\t\t<a href=\"https:\/\/omeujardim.pt\/blog\/agricultura\/\" rel=\"category tag\">Agricultura<\/a>, <a href=\"https:\/\/omeujardim.pt\/blog\/\" rel=\"category tag\">Blog<\/a>, <a href=\"https:\/\/omeujardim.pt\/blog\/dicaseajudas\/\" rel=\"category tag\">Dicas e Ajudas<\/a>, <a href=\"https:\/\/omeujardim.pt\/blog\/jardim\/\" rel=\"category tag\">Jardim<\/a>, <a href=\"https:\/\/omeujardim.pt\/blog\/jardinagem\/\" rel=\"category tag\">Jardinagem<\/a>\t\t\t\t<\/div>\n\t\t\t\n\t\t\t\t\t\t\t<h3 class=\"wd-post-title wd-entities-title title post-title\">\n\t\t\t\t\t<a href=\"https:\/\/omeujardim.pt\/5-dicas-para-cultivo-de-tomate-em-estufa\/\" rel=\"bookmark\">5 dicas para o cultivo de tomates em estufa<\/a>\n\t\t\t\t<\/h3>\n\t\t\t\n\t\t\t\t\t\t\t<div class=\"wd-post-meta\">\n\t\t\t\t\t\t\t\t\t\t\t\t\t\t\t<div class=\"wd-post-author\">\n\t\t\t\t\t\t\t\t\t\t\t<span>Autor<\/span>\n\t\t\n\t\t\t\t\t<img alt='author-avatar' src=\"https:\/\/omeuj.b-cdn.net\/wp-content\/themes\/woodmart\/images\/lazy.svg\" data-src='https:\/\/secure.gravatar.com\/avatar\/8301c04c2266b2e9e4be6daf65ab13c3329bc5d2ac79b70d52c3a7555d87c55e?s=18&#038;d=mm&#038;r=g' srcset=\"\" data-srcset='https:\/\/secure.gravatar.com\/avatar\/8301c04c2266b2e9e4be6daf65ab13c3329bc5d2ac79b70d52c3a7555d87c55e?s=36&#038;d=mm&#038;r=g 2x' class=' wd-lazy-fade avatar avatar-18 photo' height='18' width='18' loading='lazy' decoding='async'\/>\t\t\n\t\t\t\t\t<a href=\"https:\/\/omeujardim.pt\/author\/omeujard_administracao\/\" class=\"author\" rel=\"author\">omeujard_administracao<\/a>\n\t\t\t\t\t\t\t\t\t<\/div>\n\t\t\t\t\t<div class=\"wd-modified-date\">\n\t\t\t\t\t\t\t\t<time class=\"updated\" datetime=\"2021-12-06T18:21:14+00:00\">\n\t\t\t06\/12\/2021\t\t<\/time>\n\t\t\t\t\t\t\t<\/div>\n\n\t\t\t\t\t\t\t\t\t\t\t<div tabindex=\"0\" class=\"wd-post-share wd-tltp\">\n\t\t\t\t\t\t\t<div class=\"tooltip top\">\n\t\t\t\t\t\t\t\t<div class=\"tooltip-inner\">\n\t\t\t\t\t\t\t\t\t\t\t\t<div\n\t\t\t\t\t\tclass=\" wd-social-icons  wd-style-default wd-size-small social-share wd-shape-circle color-scheme-light text-center\">\n\t\t\t\t\n\t\t\t\t\n\t\t\t\t\t\t\t\t\t<a rel=\"noopener noreferrer nofollow\" href=\"https:\/\/www.facebook.com\/sharer\/sharer.php?u=https:\/\/omeujardim.pt\/blog\/jardinagem\/\" target=\"_blank\" class=\" wd-social-icon social-facebook\" aria-label=\"Facebook social link\">\n\t\t\t\t\t\t<span class=\"wd-icon\"><\/span>\n\t\t\t\t\t\t\t\t\t\t\t<\/a>\n\t\t\t\t\n\t\t\t\t\n\t\t\t\t\n\t\t\t\t\t\t\t\t\t<a rel=\"noopener noreferrer nofollow\" href=\"mailto:?subject=Check%20this%20https:\/\/omeujardim.pt\/blog\/jardinagem\/\" target=\"_blank\" class=\" wd-social-icon social-email\" aria-label=\"Email social link\">\n\t\t\t\t\t\t<span class=\"wd-icon\"><\/span>\n\t\t\t\t\t\t\t\t\t\t\t<\/a>\n\t\t\t\t\n\t\t\t\t\n\t\t\t\t\n\t\t\t\t\n\t\t\t\t\t\t\t\t\t<a rel=\"noopener noreferrer nofollow\" href=\"https:\/\/pinterest.com\/pin\/create\/button\/?url=https:\/\/omeujardim.pt\/blog\/jardinagem\/&media=https:\/\/omeujardim.pt\/wp-content\/uploads\/5-dicas-para-o-cultivo-de-tomates-em-estufa.jpg&description=5+dicas+para+o+cultivo+de+tomates+em+estufa\" target=\"_blank\" class=\" wd-social-icon social-pinterest\" aria-label=\"Pinterest social link\">\n\t\t\t\t\t\t<span class=\"wd-icon\"><\/span>\n\t\t\t\t\t\t\t\t\t\t\t<\/a>\n\t\t\t\t\n\t\t\t\t\n\t\t\t\t\n\t\t\t\t\n\t\t\t\t\n\t\t\t\t\n\t\t\t\t\n\t\t\t\t\n\t\t\t\t\n\t\t\t\t\n\t\t\t\t\n\t\t\t\t\t\t\t\t\t<a rel=\"noopener noreferrer nofollow\" href=\"https:\/\/api.whatsapp.com\/send?text=https%3A%2F%2Fomeujardim.pt%2Fblog%2Fjardinagem%2F\" target=\"_blank\" class=\"wd-hide-md  wd-social-icon social-whatsapp\" aria-label=\"WhatsApp social link\">\n\t\t\t\t\t\t<span class=\"wd-icon\"><\/span>\n\t\t\t\t\t\t\t\t\t\t\t<\/a>\n\n\t\t\t\t\t<a rel=\"noopener noreferrer nofollow\" href=\"whatsapp:\/\/send?text=https%3A%2F%2Fomeujardim.pt%2Fblog%2Fjardinagem%2F\" target=\"_blank\" class=\"wd-hide-lg  wd-social-icon social-whatsapp\" aria-label=\"WhatsApp social link\">\n\t\t\t\t\t\t<span class=\"wd-icon\"><\/span>\n\t\t\t\t\t\t\t\t\t\t\t<\/a>\n\t\t\t\t\n\t\t\t\t\n\t\t\t\t\n\t\t\t\t\n\t\t\t\t\n\t\t\t\t\n\t\t\t\t\n\t\t\t\t\n\t\t\t<\/div>\n\n\t\t\t\t\t\t\t\t\t\t<\/div>\n\t\t\t\t\t\t\t\t<div class=\"tooltip-arrow\"><\/div>\n\t\t\t\t\t\t\t<\/div>\n\t\t\t\t\t\t<\/div>\n\t\t\t\t\t\n\t\t\t\t\t\t\t\t\t<\/div>\n\t\t\t\n\t\t\t\t\t\t\t\t\t\t\t\t<div class=\"wd-post-excerpt entry-content\">\n\t\t\t\t\t\tQuer plantar tomates e est\u00e1 a pesquisar quais as melhores formas de o fazer? Ou ent\u00e3o, talvez j\u00e1 tenha plantado tomates na sua horta ma...\t\t\t\t\t<\/div>\n\t\t\t\t\n\t\t\t\t\t\t\t\t\t\t\t\t\t\t<div class=\"wd-post-read-more wd-style-link read-more-section\">\n\t\t\t\t\t\t<a class=\"\" href=\"https:\/\/omeujardim.pt\/5-dicas-para-cultivo-de-tomate-em-estufa\/\">Ver mais<\/a>\t\t\t\t\t<\/div>\n\t\t\t\t\t\t\t\t\t\t\t\t\t<\/div>\n\t<\/div>\n<\/article>\n\n\t\t\t\t\t\t\t\t\t\t\t\n<article id=\"post-106889\" class=\"wd-post blog-design-chess blog-post-loop blog-design-small-images blog-style-bg wd-add-shadow wd-col post-106889 post type-post status-publish format-standard has-post-thumbnail hentry category-blog category-dicaseajudas category-estufas category-jardim category-jardinagem tag-estufas-blog\">\n\t<div class=\"wd-post-inner article-inner\">\n\t\t\t\t\t<div class=\"wd-post-thumb entry-header\">\n\t\t\t\t\t\t\t\t\t<div class=\"wd-post-img post-img-wrapp\">\n\t\t\t\t\t\t<img width=\"1500\" height=\"1200\" src=\"https:\/\/omeuj.b-cdn.net\/wp-content\/themes\/woodmart\/images\/lazy.svg\" class=\"attachment- size- wd-lazy-fade\" alt=\"6 Razo\u0303es para adquirir uma estufa de policarbonato O Meu Jardim\" decoding=\"async\" loading=\"lazy\" srcset=\"\" sizes=\"auto, (max-width: 1500px) 100vw, 1500px\" data-src=\"https:\/\/omeuj.b-cdn.net\/wp-content\/uploads\/6-Razo\u0303es-para-adquirir-uma-estufa-de-policarbonato-O-Meu-Jardim.jpeg\" data-srcset=\"https:\/\/omeuj.b-cdn.net\/wp-content\/uploads\/6-Razo\u0303es-para-adquirir-uma-estufa-de-policarbonato-O-Meu-Jardim.jpeg 1500w, https:\/\/omeuj.b-cdn.net\/wp-content\/uploads\/6-Razo\u0303es-para-adquirir-uma-estufa-de-policarbonato-O-Meu-Jardim-150x120.jpeg 150w, https:\/\/omeuj.b-cdn.net\/wp-content\/uploads\/6-Razo\u0303es-para-adquirir-uma-estufa-de-policarbonato-O-Meu-Jardim-600x480.jpeg 600w, https:\/\/omeuj.b-cdn.net\/wp-content\/uploads\/6-Razo\u0303es-para-adquirir-uma-estufa-de-policarbonato-O-Meu-Jardim-300x240.jpeg 300w, https:\/\/omeuj.b-cdn.net\/wp-content\/uploads\/6-Razo\u0303es-para-adquirir-uma-estufa-de-policarbonato-O-Meu-Jardim-1024x819.jpeg 1024w, https:\/\/omeuj.b-cdn.net\/wp-content\/uploads\/6-Razo\u0303es-para-adquirir-uma-estufa-de-policarbonato-O-Meu-Jardim-768x614.jpeg 768w\" \/>\t\t\t\t\t<\/div>\n\t\t\t\t\t\t\t\t\t\t<a class=\"wd-fill\" tabindex=\"-1\" href=\"https:\/\/omeujardim.pt\/6-razoes-para-adquirir-uma-estufa-de-policarbonato\/\" aria-label=\"Link on post 6 Raz\u00f5es para adquirir uma estufa de policarbonato\"><\/a>\n\t\t\t\t\n\t\t\t\t\t\t\t\t\t\t\t\t<div class=\"wd-post-date wd-style-with-bg\">\n\t\t\t\t<span class=\"post-date-day\">\n\t\t\t\t\t09\t\t\t\t<\/span>\n\t\t\t\t<span class=\"post-date-month\">\n\t\t\t\t\tJul\t\t\t\t<\/span>\n\t\t\t<\/div>\n\t\t\t\t\t\t\t\t\t<\/div>\n\t\t\n\t\t<div class=\"wd-post-content article-body-container\">\n\t\t\t\t\t\t\t<div class=\"wd-post-cat wd-style-with-bg meta-post-categories\">\n\t\t\t\t\t<a href=\"https:\/\/omeujardim.pt\/blog\/\" rel=\"category tag\">Blog<\/a>, <a href=\"https:\/\/omeujardim.pt\/blog\/dicaseajudas\/\" rel=\"category tag\">Dicas e Ajudas<\/a>, <a href=\"https:\/\/omeujardim.pt\/blog\/estufas\/\" rel=\"category tag\">Estufas<\/a>, <a href=\"https:\/\/omeujardim.pt\/blog\/jardim\/\" rel=\"category tag\">Jardim<\/a>, <a href=\"https:\/\/omeujardim.pt\/blog\/jardinagem\/\" rel=\"category tag\">Jardinagem<\/a>\t\t\t\t<\/div>\n\t\t\t\n\t\t\t\t\t\t\t<h3 class=\"wd-post-title wd-entities-title title post-title\">\n\t\t\t\t\t<a href=\"https:\/\/omeujardim.pt\/6-razoes-para-adquirir-uma-estufa-de-policarbonato\/\" rel=\"bookmark\">6 Raz\u00f5es para adquirir uma estufa de policarbonato<\/a>\n\t\t\t\t<\/h3>\n\t\t\t\n\t\t\t\t\t\t\t<div class=\"wd-post-meta\">\n\t\t\t\t\t\t\t\t\t\t\t\t\t\t\t<div class=\"wd-post-author\">\n\t\t\t\t\t\t\t\t\t\t\t<span>Autor<\/span>\n\t\t\n\t\t\t\t\t<img alt='author-avatar' src=\"https:\/\/omeuj.b-cdn.net\/wp-content\/themes\/woodmart\/images\/lazy.svg\" data-src='https:\/\/secure.gravatar.com\/avatar\/8301c04c2266b2e9e4be6daf65ab13c3329bc5d2ac79b70d52c3a7555d87c55e?s=18&#038;d=mm&#038;r=g' srcset=\"\" data-srcset='https:\/\/secure.gravatar.com\/avatar\/8301c04c2266b2e9e4be6daf65ab13c3329bc5d2ac79b70d52c3a7555d87c55e?s=36&#038;d=mm&#038;r=g 2x' class=' wd-lazy-fade avatar avatar-18 photo' height='18' width='18' loading='lazy' decoding='async'\/>\t\t\n\t\t\t\t\t<a href=\"https:\/\/omeujardim.pt\/author\/omeujard_administracao\/\" class=\"author\" rel=\"author\">omeujard_administracao<\/a>\n\t\t\t\t\t\t\t\t\t<\/div>\n\t\t\t\t\t<div class=\"wd-modified-date\">\n\t\t\t\t\t\t\t\t<time class=\"updated\" datetime=\"2022-07-14T10:27:50+00:00\">\n\t\t\t14\/07\/2022\t\t<\/time>\n\t\t\t\t\t\t\t<\/div>\n\n\t\t\t\t\t\t\t\t\t\t\t<div tabindex=\"0\" class=\"wd-post-share wd-tltp\">\n\t\t\t\t\t\t\t<div class=\"tooltip top\">\n\t\t\t\t\t\t\t\t<div class=\"tooltip-inner\">\n\t\t\t\t\t\t\t\t\t\t\t\t<div\n\t\t\t\t\t\tclass=\" wd-social-icons  wd-style-default wd-size-small social-share wd-shape-circle color-scheme-light text-center\">\n\t\t\t\t\n\t\t\t\t\n\t\t\t\t\t\t\t\t\t<a rel=\"noopener noreferrer nofollow\" href=\"https:\/\/www.facebook.com\/sharer\/sharer.php?u=https:\/\/omeujardim.pt\/blog\/jardinagem\/\" target=\"_blank\" class=\" wd-social-icon social-facebook\" aria-label=\"Facebook social link\">\n\t\t\t\t\t\t<span class=\"wd-icon\"><\/span>\n\t\t\t\t\t\t\t\t\t\t\t<\/a>\n\t\t\t\t\n\t\t\t\t\n\t\t\t\t\n\t\t\t\t\t\t\t\t\t<a rel=\"noopener noreferrer nofollow\" href=\"mailto:?subject=Check%20this%20https:\/\/omeujardim.pt\/blog\/jardinagem\/\" target=\"_blank\" class=\" wd-social-icon social-email\" aria-label=\"Email social link\">\n\t\t\t\t\t\t<span class=\"wd-icon\"><\/span>\n\t\t\t\t\t\t\t\t\t\t\t<\/a>\n\t\t\t\t\n\t\t\t\t\n\t\t\t\t\n\t\t\t\t\n\t\t\t\t\t\t\t\t\t<a rel=\"noopener noreferrer nofollow\" href=\"https:\/\/pinterest.com\/pin\/create\/button\/?url=https:\/\/omeujardim.pt\/blog\/jardinagem\/&media=https:\/\/omeujardim.pt\/wp-content\/uploads\/6-Razo\u0303es-para-adquirir-uma-estufa-de-policarbonato-O-Meu-Jardim.jpeg&description=6+Raz%C3%B5es+para+adquirir+uma+estufa+de+policarbonato\" target=\"_blank\" class=\" wd-social-icon social-pinterest\" aria-label=\"Pinterest social link\">\n\t\t\t\t\t\t<span class=\"wd-icon\"><\/span>\n\t\t\t\t\t\t\t\t\t\t\t<\/a>\n\t\t\t\t\n\t\t\t\t\n\t\t\t\t\n\t\t\t\t\n\t\t\t\t\n\t\t\t\t\n\t\t\t\t\n\t\t\t\t\n\t\t\t\t\n\t\t\t\t\n\t\t\t\t\n\t\t\t\t\t\t\t\t\t<a rel=\"noopener noreferrer nofollow\" href=\"https:\/\/api.whatsapp.com\/send?text=https%3A%2F%2Fomeujardim.pt%2Fblog%2Fjardinagem%2F\" target=\"_blank\" class=\"wd-hide-md  wd-social-icon social-whatsapp\" aria-label=\"WhatsApp social link\">\n\t\t\t\t\t\t<span class=\"wd-icon\"><\/span>\n\t\t\t\t\t\t\t\t\t\t\t<\/a>\n\n\t\t\t\t\t<a rel=\"noopener noreferrer nofollow\" href=\"whatsapp:\/\/send?text=https%3A%2F%2Fomeujardim.pt%2Fblog%2Fjardinagem%2F\" target=\"_blank\" class=\"wd-hide-lg  wd-social-icon social-whatsapp\" aria-label=\"WhatsApp social link\">\n\t\t\t\t\t\t<span class=\"wd-icon\"><\/span>\n\t\t\t\t\t\t\t\t\t\t\t<\/a>\n\t\t\t\t\n\t\t\t\t\n\t\t\t\t\n\t\t\t\t\n\t\t\t\t\n\t\t\t\t\n\t\t\t\t\n\t\t\t\t\n\t\t\t<\/div>\n\n\t\t\t\t\t\t\t\t\t\t<\/div>\n\t\t\t\t\t\t\t\t<div class=\"tooltip-arrow\"><\/div>\n\t\t\t\t\t\t\t<\/div>\n\t\t\t\t\t\t<\/div>\n\t\t\t\t\t\n\t\t\t\t\t\t\t\t\t<\/div>\n\t\t\t\n\t\t\t\t\t\t\t\t\t\t\t\t<div class=\"wd-post-excerpt entry-content\">\n\t\t\t\t\t\tPorque \u00e9 que deve optar por uma estufa de policarbonato em vez de outras estufas convencionais? Se leva os seus cultivos a s\u00e9rio, neste...\t\t\t\t\t<\/div>\n\t\t\t\t\n\t\t\t\t\t\t\t\t\t\t\t\t\t\t<div class=\"wd-post-read-more wd-style-link read-more-section\">\n\t\t\t\t\t\t<a class=\"\" href=\"https:\/\/omeujardim.pt\/6-razoes-para-adquirir-uma-estufa-de-policarbonato\/\">Ver mais<\/a>\t\t\t\t\t<\/div>\n\t\t\t\t\t\t\t\t\t\t\t\t\t<\/div>\n\t<\/div>\n<\/article>\n\n\t\t\t\t\t\t\t\t\t\t\t\n<article id=\"post-106797\" class=\"wd-post blog-design-chess blog-post-loop blog-design-small-images blog-style-bg wd-add-shadow wd-col post-106797 post type-post status-publish format-standard has-post-thumbnail hentry category-blog category-casa category-dicaseajudas category-estufas category-jardinagem category-tendas\">\n\t<div class=\"wd-post-inner article-inner\">\n\t\t\t\t\t<div class=\"wd-post-thumb entry-header\">\n\t\t\t\t\t\t\t\t\t<div class=\"wd-post-img post-img-wrapp\">\n\t\t\t\t\t\t<img width=\"1500\" height=\"1200\" src=\"https:\/\/omeuj.b-cdn.net\/wp-content\/themes\/woodmart\/images\/lazy.svg\" class=\"attachment- size- wd-lazy-fade\" alt=\"5 diferen\u00e7as entre P\u00e9rgulas e Coberturas para terra\u00e7o O Meu Jardim\" decoding=\"async\" loading=\"lazy\" srcset=\"\" sizes=\"auto, (max-width: 1500px) 100vw, 1500px\" data-src=\"https:\/\/omeuj.b-cdn.net\/wp-content\/uploads\/Palram_Garden_Gazebos_Ledro_3600_Main_2.jpeg\" data-srcset=\"https:\/\/omeuj.b-cdn.net\/wp-content\/uploads\/Palram_Garden_Gazebos_Ledro_3600_Main_2.jpeg 1500w, https:\/\/omeuj.b-cdn.net\/wp-content\/uploads\/Palram_Garden_Gazebos_Ledro_3600_Main_2-150x120.jpeg 150w, https:\/\/omeuj.b-cdn.net\/wp-content\/uploads\/Palram_Garden_Gazebos_Ledro_3600_Main_2-600x480.jpeg 600w, https:\/\/omeuj.b-cdn.net\/wp-content\/uploads\/Palram_Garden_Gazebos_Ledro_3600_Main_2-300x240.jpeg 300w, https:\/\/omeuj.b-cdn.net\/wp-content\/uploads\/Palram_Garden_Gazebos_Ledro_3600_Main_2-1024x819.jpeg 1024w, https:\/\/omeuj.b-cdn.net\/wp-content\/uploads\/Palram_Garden_Gazebos_Ledro_3600_Main_2-768x614.jpeg 768w\" \/>\t\t\t\t\t<\/div>\n\t\t\t\t\t\t\t\t\t\t<a class=\"wd-fill\" tabindex=\"-1\" href=\"https:\/\/omeujardim.pt\/5-diferenca-entre-pergulas-e-coberturas-para-terraco\/\" aria-label=\"Link on post 5 Diferen\u00e7as entre P\u00e9rgulas e Coberturas para terra\u00e7o\"><\/a>\n\t\t\t\t\n\t\t\t\t\t\t\t\t\t\t\t\t<div class=\"wd-post-date wd-style-with-bg\">\n\t\t\t\t<span class=\"post-date-day\">\n\t\t\t\t\t02\t\t\t\t<\/span>\n\t\t\t\t<span class=\"post-date-month\">\n\t\t\t\t\tJul\t\t\t\t<\/span>\n\t\t\t<\/div>\n\t\t\t\t\t\t\t\t\t<\/div>\n\t\t\n\t\t<div class=\"wd-post-content article-body-container\">\n\t\t\t\t\t\t\t<div class=\"wd-post-cat wd-style-with-bg meta-post-categories\">\n\t\t\t\t\t<a href=\"https:\/\/omeujardim.pt\/blog\/\" rel=\"category tag\">Blog<\/a>, <a href=\"https:\/\/omeujardim.pt\/blog\/casa\/\" rel=\"category tag\">Casa<\/a>, <a href=\"https:\/\/omeujardim.pt\/blog\/dicaseajudas\/\" rel=\"category tag\">Dicas e Ajudas<\/a>, <a href=\"https:\/\/omeujardim.pt\/blog\/estufas\/\" rel=\"category tag\">Estufas<\/a>, <a href=\"https:\/\/omeujardim.pt\/blog\/jardinagem\/\" rel=\"category tag\">Jardinagem<\/a>, <a href=\"https:\/\/omeujardim.pt\/blog\/tendas\/\" rel=\"category tag\">Tendas<\/a>\t\t\t\t<\/div>\n\t\t\t\n\t\t\t\t\t\t\t<h3 class=\"wd-post-title wd-entities-title title post-title\">\n\t\t\t\t\t<a href=\"https:\/\/omeujardim.pt\/5-diferenca-entre-pergulas-e-coberturas-para-terraco\/\" rel=\"bookmark\">5 Diferen\u00e7as entre P\u00e9rgulas e Coberturas para terra\u00e7o<\/a>\n\t\t\t\t<\/h3>\n\t\t\t\n\t\t\t\t\t\t\t<div class=\"wd-post-meta\">\n\t\t\t\t\t\t\t\t\t\t\t\t\t\t\t<div class=\"wd-post-author\">\n\t\t\t\t\t\t\t\t\t\t\t<span>Autor<\/span>\n\t\t\n\t\t\t\t\t<img alt='author-avatar' src=\"https:\/\/omeuj.b-cdn.net\/wp-content\/themes\/woodmart\/images\/lazy.svg\" data-src='https:\/\/secure.gravatar.com\/avatar\/8301c04c2266b2e9e4be6daf65ab13c3329bc5d2ac79b70d52c3a7555d87c55e?s=18&#038;d=mm&#038;r=g' srcset=\"\" data-srcset='https:\/\/secure.gravatar.com\/avatar\/8301c04c2266b2e9e4be6daf65ab13c3329bc5d2ac79b70d52c3a7555d87c55e?s=36&#038;d=mm&#038;r=g 2x' class=' wd-lazy-fade avatar avatar-18 photo' height='18' width='18' loading='lazy' decoding='async'\/>\t\t\n\t\t\t\t\t<a href=\"https:\/\/omeujardim.pt\/author\/omeujard_administracao\/\" class=\"author\" rel=\"author\">omeujard_administracao<\/a>\n\t\t\t\t\t\t\t\t\t<\/div>\n\t\t\t\t\t<div class=\"wd-modified-date\">\n\t\t\t\t\t\t\t\t<time class=\"updated\" datetime=\"2021-12-06T18:21:46+00:00\">\n\t\t\t06\/12\/2021\t\t<\/time>\n\t\t\t\t\t\t\t<\/div>\n\n\t\t\t\t\t\t\t\t\t\t\t<div tabindex=\"0\" class=\"wd-post-share wd-tltp\">\n\t\t\t\t\t\t\t<div class=\"tooltip top\">\n\t\t\t\t\t\t\t\t<div class=\"tooltip-inner\">\n\t\t\t\t\t\t\t\t\t\t\t\t<div\n\t\t\t\t\t\tclass=\" wd-social-icons  wd-style-default wd-size-small social-share wd-shape-circle color-scheme-light text-center\">\n\t\t\t\t\n\t\t\t\t\n\t\t\t\t\t\t\t\t\t<a rel=\"noopener noreferrer nofollow\" href=\"https:\/\/www.facebook.com\/sharer\/sharer.php?u=https:\/\/omeujardim.pt\/blog\/jardinagem\/\" target=\"_blank\" class=\" wd-social-icon social-facebook\" aria-label=\"Facebook social link\">\n\t\t\t\t\t\t<span class=\"wd-icon\"><\/span>\n\t\t\t\t\t\t\t\t\t\t\t<\/a>\n\t\t\t\t\n\t\t\t\t\n\t\t\t\t\n\t\t\t\t\t\t\t\t\t<a rel=\"noopener noreferrer nofollow\" href=\"mailto:?subject=Check%20this%20https:\/\/omeujardim.pt\/blog\/jardinagem\/\" target=\"_blank\" class=\" wd-social-icon social-email\" aria-label=\"Email social link\">\n\t\t\t\t\t\t<span class=\"wd-icon\"><\/span>\n\t\t\t\t\t\t\t\t\t\t\t<\/a>\n\t\t\t\t\n\t\t\t\t\n\t\t\t\t\n\t\t\t\t\n\t\t\t\t\t\t\t\t\t<a rel=\"noopener noreferrer nofollow\" href=\"https:\/\/pinterest.com\/pin\/create\/button\/?url=https:\/\/omeujardim.pt\/blog\/jardinagem\/&media=https:\/\/omeujardim.pt\/wp-content\/uploads\/Palram_Garden_Gazebos_Ledro_3600_Main_2.jpeg&description=5+Diferen%C3%A7as+entre+P%C3%A9rgulas+e+Coberturas+para+terra%C3%A7o\" target=\"_blank\" class=\" wd-social-icon social-pinterest\" aria-label=\"Pinterest social link\">\n\t\t\t\t\t\t<span class=\"wd-icon\"><\/span>\n\t\t\t\t\t\t\t\t\t\t\t<\/a>\n\t\t\t\t\n\t\t\t\t\n\t\t\t\t\n\t\t\t\t\n\t\t\t\t\n\t\t\t\t\n\t\t\t\t\n\t\t\t\t\n\t\t\t\t\n\t\t\t\t\n\t\t\t\t\n\t\t\t\t\t\t\t\t\t<a rel=\"noopener noreferrer nofollow\" href=\"https:\/\/api.whatsapp.com\/send?text=https%3A%2F%2Fomeujardim.pt%2Fblog%2Fjardinagem%2F\" target=\"_blank\" class=\"wd-hide-md  wd-social-icon social-whatsapp\" aria-label=\"WhatsApp social link\">\n\t\t\t\t\t\t<span class=\"wd-icon\"><\/span>\n\t\t\t\t\t\t\t\t\t\t\t<\/a>\n\n\t\t\t\t\t<a rel=\"noopener noreferrer nofollow\" href=\"whatsapp:\/\/send?text=https%3A%2F%2Fomeujardim.pt%2Fblog%2Fjardinagem%2F\" target=\"_blank\" class=\"wd-hide-lg  wd-social-icon social-whatsapp\" aria-label=\"WhatsApp social link\">\n\t\t\t\t\t\t<span class=\"wd-icon\"><\/span>\n\t\t\t\t\t\t\t\t\t\t\t<\/a>\n\t\t\t\t\n\t\t\t\t\n\t\t\t\t\n\t\t\t\t\n\t\t\t\t\n\t\t\t\t\n\t\t\t\t\n\t\t\t\t\n\t\t\t<\/div>\n\n\t\t\t\t\t\t\t\t\t\t<\/div>\n\t\t\t\t\t\t\t\t<div class=\"tooltip-arrow\"><\/div>\n\t\t\t\t\t\t\t<\/div>\n\t\t\t\t\t\t<\/div>\n\t\t\t\t\t\n\t\t\t\t\t\t\t\t\t<\/div>\n\t\t\t\n\t\t\t\t\t\t\t\t\t\t\t\t<div class=\"wd-post-excerpt entry-content\">\n\t\t\t\t\t\tSe est\u00e1 \u00e0 procura de abrigar uma \u00e1rea do seu jardim ou terra\u00e7o, possivelmente j\u00e1 se deparou com imensos modelos de coberturas. Entre el...\t\t\t\t\t<\/div>\n\t\t\t\t\n\t\t\t\t\t\t\t\t\t\t\t\t\t\t<div class=\"wd-post-read-more wd-style-link read-more-section\">\n\t\t\t\t\t\t<a class=\"\" href=\"https:\/\/omeujardim.pt\/5-diferenca-entre-pergulas-e-coberturas-para-terraco\/\">Ver mais<\/a>\t\t\t\t\t<\/div>\n\t\t\t\t\t\t\t\t\t\t\t\t\t<\/div>\n\t<\/div>\n<\/article>\n\n\t\t\t\t\t\n\t\t\t\t\t","status":"have-posts","nextPage":"https:\/\/omeujardim.pt\/blog\/jardinagem\/page\/3\/?woo_ajax=1","currentPage":"https:\/\/omeujardim.pt\/blog\/jardinagem\/page\/2"}